{"id":842,"date":"2023-12-04T10:24:50","date_gmt":"2023-12-04T09:24:50","guid":{"rendered":"https:\/\/evenements.infopro-digital.com\/lemoniteur\/actu-formations\/?p=842"},"modified":"2025-07-02T14:13:30","modified_gmt":"2025-07-02T12:13:30","slug":"replay-webinaire-impacts-de-la-taxonomie-europeenne-sur-les-acteurs-de-limmobilier-1er-decembre-2023","status":"publish","type":"post","link":"https:\/\/evenements.infopro-digital.com\/lemoniteur\/actu-formations\/2023\/12\/04\/replay-webinaire-impacts-de-la-taxonomie-europeenne-sur-les-acteurs-de-limmobilier-1er-decembre-2023\/","title":{"rendered":"[Replay Webinaire] Impacts de la taxonomie europ\u00e9enne sur les acteurs de l&rsquo;immobilier (1er d\u00e9cembre 2023)"},"content":{"rendered":"<div  class=\"strate alignfull has-background-color-opacity-100\" style=\" background-position: 75% 23%;\"><div class=\"centrage\">\n\n<p class=\"has-medium-font-size\">La Taxonomie europ\u00e9enne est un r\u00e9f\u00e9rentiel de classification des activit\u00e9s \u00e9conomiques durables selon des crit\u00e8res techniques permettant d\u2019\u00e9valuer l\u2019alignement des entreprises avec les objectifs de d\u00e9carbonation de l&rsquo;UE.<\/p>\n\n\n\n<p class=\"has-medium-font-size\">Pour les acteurs du secteur immobilier, publier leurs indicateurs d&rsquo;alignement selon ces crit\u00e8res est devenu une obligation r\u00e9glementaire depuis le 1er janvier 2023. Lors de ce webinaire sont notamment abord\u00e9s les points suivants :<\/p>\n\n\n\n<p class=\"has-medium-font-size\">&#8211; Origine et place de la Taxonomie Europ\u00e9enne dans l\u2019\u00e9cosyst\u00e8me de r\u00e8glementations europ\u00e9ennes pour la finance durable.<br>&#8211; Pr\u00e9sentation g\u00e9n\u00e9rale des activit\u00e9s \u00e9ligibles propres au secteur immobilier et du calcul des indicateurs taxonomiques.<br>&#8211; D\u00e9fis &amp; Opportunit\u00e9s \u00e0 l\u2019heure des premiers reportings taxinomiques<br>&#8211; Perspectives futures.<\/p>\n\n\n\n<p class=\"has-medium-font-size\">Une intervention de Sarah MENOUD, Manager au sein du p\u00f4le Conseil &amp; Strat\u00e9gie ESG chez WILD TREES.<\/p>\n\n\n\n<p><\/p>\n\n\n\n<div class=\"has-2-columns wp-block-columns\">\n<div class=\" wp-block-column\">\n<p class=\"has-medium-font-size\">? <strong>Aller plus loin ? <\/strong><br>\u2022 D\u00e9couvrez nos formations associ\u00e9es :<\/p>\n\n\n\n<p><a href=\"https:\/\/evenements.infopro-digital.com\/lemoniteur\/formation-appliquer-la-taxonomie-europeenne-en-exploitation-p-16486\" target=\"_blank\" rel=\"noreferrer noopener\">Appliquer la Taxonomie europ\u00e9enne en exploitation<\/a><\/p>\n\n\n\n<p><a href=\"https:\/\/evenements.infopro-digital.com\/lemoniteur\/formation-appliquer-la-taxonomie-europeenne-en-construction-et-renovation-p-16476\" target=\"_blank\" rel=\"noreferrer noopener\">Appliquer la Taxonomie europ\u00e9enne en construction et r\u00e9novation<\/a><\/p>\n<\/div>\n\n\n\n<div class=\" wp-block-column\">\n<figure class=\"wp-block-embed-youtube wp-block-embed is-type-video is-provider-youtube wp-embed-aspect-16-9 wp-has-aspect-ratio\"><div class=\"wp-block-embed__wrapper\">\n<iframe loading=\"lazy\" title=\"Webinaire : Impacts de la taxonomie europ\u00e9enne sur les acteurs de l&#039;immobilier\" width=\"500\" height=\"281\" src=\"https:\/\/www.youtube-nocookie.com\/embed\/p8w3ImI58GM?feature=oembed\" frameborder=\"0\" allow=\"accelerometer; autoplay; clipboard-write; encrypted-media; gyroscope; picture-in-picture; web-share\" allowfullscreen><\/iframe>\n<\/div><\/figure>\n<\/div>\n<\/div>\n\n\n\n<p><a href=\"https:\/\/evenements.infopro-digital.com\/lemoniteur\/actu-formations\/\/app\/uploads\/sites\/2\/2023\/12\/Webinaire-Taxinomie-Le-Moniteur_1.12.2023.pdf\">T\u00e9l\u00e9charger le support<\/a><\/p>\n\n<\/div><\/div>","protected":false},"excerpt":{"rendered":"","protected":false},"author":9,"featured_media":481,"comment_status":"closed","ping_status":"open","sticky":false,"template":"","format":"standard","meta":{"custom_priority":""},"categories":[7],"tags":[],"yoast_head":"<!-- This site is optimized with the Yoast SEO plugin v18.9 - https:\/\/yoast.com\/wordpress\/plugins\/seo\/ -->\n<title>[Replay Webinaire] Impacts de la taxonomie europ\u00e9enne sur les acteurs de l&#039;immobilier (1er d\u00e9cembre 2023) - Formation Lemoniteur<\/title>\n<meta name=\"description\" content=\"Appr\u00e9hender le montage de projet en BRS - Replay Webinaire du 15 novembre 2022\" \/>\n<meta name=\"robots\" content=\"index, follow, max-snippet:-1, max-image-preview:large, max-video-preview:-1\" \/>\n<link rel=\"canonical\" href=\"https:\/\/evenements.infopro-digital.com\/lemoniteur\/actu-formations\/2023\/12\/04\/replay-webinaire-impacts-de-la-taxonomie-europeenne-sur-les-acteurs-de-limmobilier-1er-decembre-2023\/\" \/>\n<meta property=\"og:locale\" content=\"fr_FR\" \/>\n<meta property=\"og:type\" content=\"article\" \/>\n<meta property=\"og:title\" content=\"[Replay Webinaire] Impacts de la taxonomie europ\u00e9enne sur les acteurs de l&#039;immobilier (1er d\u00e9cembre 2023) - Formation Lemoniteur\" \/>\n<meta property=\"og:description\" content=\"Appr\u00e9hender le montage de projet en BRS - Replay Webinaire du 15 novembre 2022\" \/>\n<meta property=\"og:url\" content=\"https:\/\/evenements.infopro-digital.com\/lemoniteur\/actu-formations\/2023\/12\/04\/replay-webinaire-impacts-de-la-taxonomie-europeenne-sur-les-acteurs-de-limmobilier-1er-decembre-2023\/\" \/>\n<meta property=\"og:site_name\" content=\"Formation Lemoniteur\" \/>\n<meta property=\"article:published_time\" content=\"2023-12-04T09:24:50+00:00\" \/>\n<meta property=\"article:modified_time\" content=\"2025-07-02T12:13:30+00:00\" \/>\n<meta property=\"og:image\" content=\"https:\/\/evenements.infopro-digital.com\/lemoniteur\/actu-formations\/\/app\/uploads\/sites\/2\/2022\/04\/Sans-titre-2-scaled.jpg\" \/>\n\t<meta property=\"og:image:width\" content=\"1353\" \/>\n\t<meta property=\"og:image:height\" content=\"2560\" \/>\n\t<meta property=\"og:image:type\" content=\"image\/jpeg\" \/>\n<meta name=\"twitter:card\" content=\"summary_large_image\" \/>\n<meta name=\"twitter:label1\" content=\"Written by\" \/>\n\t<meta name=\"twitter:data1\" content=\"bornachot\" \/>\n\t<meta name=\"twitter:label2\" content=\"Est. reading time\" \/>\n\t<meta name=\"twitter:data2\" content=\"1 minute\" \/>\n<script type=\"application\/ld+json\" class=\"yoast-schema-graph\">{\"@context\":\"https:\/\/schema.org\",\"@graph\":[{\"@type\":\"WebSite\",\"@id\":\"https:\/\/evenements.infopro-digital.com\/lemoniteur\/actu-formations\/#website\",\"url\":\"https:\/\/evenements.infopro-digital.com\/lemoniteur\/actu-formations\/\",\"name\":\"Formation Lemoniteur\",\"description\":\"Un site utilisant Les sites de Formation argus\",\"potentialAction\":[{\"@type\":\"SearchAction\",\"target\":{\"@type\":\"EntryPoint\",\"urlTemplate\":\"https:\/\/evenements.infopro-digital.com\/lemoniteur\/actu-formations\/?s={search_term_string}\"},\"query-input\":\"required name=search_term_string\"}],\"inLanguage\":\"fr-FR\"},{\"@type\":\"ImageObject\",\"inLanguage\":\"fr-FR\",\"@id\":\"https:\/\/evenements.infopro-digital.com\/lemoniteur\/actu-formations\/2023\/12\/04\/replay-webinaire-impacts-de-la-taxonomie-europeenne-sur-les-acteurs-de-limmobilier-1er-decembre-2023\/#primaryimage\",\"url\":\"https:\/\/evenements.infopro-digital.com\/lemoniteur\/actu-formations\/\/app\/uploads\/sites\/2\/2022\/04\/Sans-titre-2-scaled.jpg\",\"contentUrl\":\"https:\/\/evenements.infopro-digital.com\/lemoniteur\/actu-formations\/\/app\/uploads\/sites\/2\/2022\/04\/Sans-titre-2-scaled.jpg\",\"width\":1353,\"height\":2560},{\"@type\":\"WebPage\",\"@id\":\"https:\/\/evenements.infopro-digital.com\/lemoniteur\/actu-formations\/2023\/12\/04\/replay-webinaire-impacts-de-la-taxonomie-europeenne-sur-les-acteurs-de-limmobilier-1er-decembre-2023\/#webpage\",\"url\":\"https:\/\/evenements.infopro-digital.com\/lemoniteur\/actu-formations\/2023\/12\/04\/replay-webinaire-impacts-de-la-taxonomie-europeenne-sur-les-acteurs-de-limmobilier-1er-decembre-2023\/\",\"name\":\"[Replay Webinaire] Impacts de la taxonomie europ\u00e9enne sur les acteurs de l'immobilier (1er d\u00e9cembre 2023) - Formation Lemoniteur\",\"isPartOf\":{\"@id\":\"https:\/\/evenements.infopro-digital.com\/lemoniteur\/actu-formations\/#website\"},\"primaryImageOfPage\":{\"@id\":\"https:\/\/evenements.infopro-digital.com\/lemoniteur\/actu-formations\/2023\/12\/04\/replay-webinaire-impacts-de-la-taxonomie-europeenne-sur-les-acteurs-de-limmobilier-1er-decembre-2023\/#primaryimage\"},\"datePublished\":\"2023-12-04T09:24:50+00:00\",\"dateModified\":\"2025-07-02T12:13:30+00:00\",\"author\":{\"@id\":\"https:\/\/evenements.infopro-digital.com\/lemoniteur\/actu-formations\/#\/schema\/person\/1491709e8bcb611ea38509b2f483f917\"},\"description\":\"Appr\u00e9hender le montage de projet en BRS - Replay Webinaire du 15 novembre 2022\",\"breadcrumb\":{\"@id\":\"https:\/\/evenements.infopro-digital.com\/lemoniteur\/actu-formations\/2023\/12\/04\/replay-webinaire-impacts-de-la-taxonomie-europeenne-sur-les-acteurs-de-limmobilier-1er-decembre-2023\/#breadcrumb\"},\"inLanguage\":\"fr-FR\",\"potentialAction\":[{\"@type\":\"ReadAction\",\"target\":[\"https:\/\/evenements.infopro-digital.com\/lemoniteur\/actu-formations\/2023\/12\/04\/replay-webinaire-impacts-de-la-taxonomie-europeenne-sur-les-acteurs-de-limmobilier-1er-decembre-2023\/\"]}]},{\"@type\":\"BreadcrumbList\",\"@id\":\"https:\/\/evenements.infopro-digital.com\/lemoniteur\/actu-formations\/2023\/12\/04\/replay-webinaire-impacts-de-la-taxonomie-europeenne-sur-les-acteurs-de-limmobilier-1er-decembre-2023\/#breadcrumb\",\"itemListElement\":[{\"@type\":\"ListItem\",\"position\":1,\"name\":\"Accueil\",\"item\":\"https:\/\/evenements.infopro-digital.com\/lemoniteur\/actu-formations\/\"},{\"@type\":\"ListItem\",\"position\":2,\"name\":\"[Replay Webinaire] Impacts de la taxonomie europ\u00e9enne sur les acteurs de l&rsquo;immobilier (1er d\u00e9cembre 2023)\"}]},{\"@type\":\"Person\",\"@id\":\"https:\/\/evenements.infopro-digital.com\/lemoniteur\/actu-formations\/#\/schema\/person\/1491709e8bcb611ea38509b2f483f917\",\"name\":\"bornachot\",\"url\":\"https:\/\/evenements.infopro-digital.com\/lemoniteur\/actu-formations\/author\/bornachot\/\"}]}<\/script>\n<!-- \/ Yoast SEO plugin. -->","yoast_head_json":{"title":"[Replay Webinaire] Impacts de la taxonomie europ\u00e9enne sur les acteurs de l'immobilier (1er d\u00e9cembre 2023) - Formation Lemoniteur","description":"Appr\u00e9hender le montage de projet en BRS - Replay Webinaire du 15 novembre 2022","robots":{"index":"index","follow":"follow","max-snippet":"max-snippet:-1","max-image-preview":"max-image-preview:large","max-video-preview":"max-video-preview:-1"},"canonical":"https:\/\/evenements.infopro-digital.com\/lemoniteur\/actu-formations\/2023\/12\/04\/replay-webinaire-impacts-de-la-taxonomie-europeenne-sur-les-acteurs-de-limmobilier-1er-decembre-2023\/","og_locale":"fr_FR","og_type":"article","og_title":"[Replay Webinaire] Impacts de la taxonomie europ\u00e9enne sur les acteurs de l'immobilier (1er d\u00e9cembre 2023) - Formation Lemoniteur","og_description":"Appr\u00e9hender le montage de projet en BRS - Replay Webinaire du 15 novembre 2022","og_url":"https:\/\/evenements.infopro-digital.com\/lemoniteur\/actu-formations\/2023\/12\/04\/replay-webinaire-impacts-de-la-taxonomie-europeenne-sur-les-acteurs-de-limmobilier-1er-decembre-2023\/","og_site_name":"Formation Lemoniteur","article_published_time":"2023-12-04T09:24:50+00:00","article_modified_time":"2025-07-02T12:13:30+00:00","og_image":[{"width":1353,"height":2560,"url":"https:\/\/evenements.infopro-digital.com\/lemoniteur\/actu-formations\/\/app\/uploads\/sites\/2\/2022\/04\/Sans-titre-2-scaled.jpg","type":"image\/jpeg"}],"twitter_card":"summary_large_image","twitter_misc":{"Written by":"bornachot","Est. reading time":"1 minute"},"schema":{"@context":"https:\/\/schema.org","@graph":[{"@type":"WebSite","@id":"https:\/\/evenements.infopro-digital.com\/lemoniteur\/actu-formations\/#website","url":"https:\/\/evenements.infopro-digital.com\/lemoniteur\/actu-formations\/","name":"Formation Lemoniteur","description":"Un site utilisant Les sites de Formation argus","potentialAction":[{"@type":"SearchAction","target":{"@type":"EntryPoint","urlTemplate":"https:\/\/evenements.infopro-digital.com\/lemoniteur\/actu-formations\/?s={search_term_string}"},"query-input":"required name=search_term_string"}],"inLanguage":"fr-FR"},{"@type":"ImageObject","inLanguage":"fr-FR","@id":"https:\/\/evenements.infopro-digital.com\/lemoniteur\/actu-formations\/2023\/12\/04\/replay-webinaire-impacts-de-la-taxonomie-europeenne-sur-les-acteurs-de-limmobilier-1er-decembre-2023\/#primaryimage","url":"https:\/\/evenements.infopro-digital.com\/lemoniteur\/actu-formations\/\/app\/uploads\/sites\/2\/2022\/04\/Sans-titre-2-scaled.jpg","contentUrl":"https:\/\/evenements.infopro-digital.com\/lemoniteur\/actu-formations\/\/app\/uploads\/sites\/2\/2022\/04\/Sans-titre-2-scaled.jpg","width":1353,"height":2560},{"@type":"WebPage","@id":"https:\/\/evenements.infopro-digital.com\/lemoniteur\/actu-formations\/2023\/12\/04\/replay-webinaire-impacts-de-la-taxonomie-europeenne-sur-les-acteurs-de-limmobilier-1er-decembre-2023\/#webpage","url":"https:\/\/evenements.infopro-digital.com\/lemoniteur\/actu-formations\/2023\/12\/04\/replay-webinaire-impacts-de-la-taxonomie-europeenne-sur-les-acteurs-de-limmobilier-1er-decembre-2023\/","name":"[Replay Webinaire] Impacts de la taxonomie europ\u00e9enne sur les acteurs de l'immobilier (1er d\u00e9cembre 2023) - Formation Lemoniteur","isPartOf":{"@id":"https:\/\/evenements.infopro-digital.com\/lemoniteur\/actu-formations\/#website"},"primaryImageOfPage":{"@id":"https:\/\/evenements.infopro-digital.com\/lemoniteur\/actu-formations\/2023\/12\/04\/replay-webinaire-impacts-de-la-taxonomie-europeenne-sur-les-acteurs-de-limmobilier-1er-decembre-2023\/#primaryimage"},"datePublished":"2023-12-04T09:24:50+00:00","dateModified":"2025-07-02T12:13:30+00:00","author":{"@id":"https:\/\/evenements.infopro-digital.com\/lemoniteur\/actu-formations\/#\/schema\/person\/1491709e8bcb611ea38509b2f483f917"},"description":"Appr\u00e9hender le montage de projet en BRS - Replay Webinaire du 15 novembre 2022","breadcrumb":{"@id":"https:\/\/evenements.infopro-digital.com\/lemoniteur\/actu-formations\/2023\/12\/04\/replay-webinaire-impacts-de-la-taxonomie-europeenne-sur-les-acteurs-de-limmobilier-1er-decembre-2023\/#breadcrumb"},"inLanguage":"fr-FR","potentialAction":[{"@type":"ReadAction","target":["https:\/\/evenements.infopro-digital.com\/lemoniteur\/actu-formations\/2023\/12\/04\/replay-webinaire-impacts-de-la-taxonomie-europeenne-sur-les-acteurs-de-limmobilier-1er-decembre-2023\/"]}]},{"@type":"BreadcrumbList","@id":"https:\/\/evenements.infopro-digital.com\/lemoniteur\/actu-formations\/2023\/12\/04\/replay-webinaire-impacts-de-la-taxonomie-europeenne-sur-les-acteurs-de-limmobilier-1er-decembre-2023\/#breadcrumb","itemListElement":[{"@type":"ListItem","position":1,"name":"Accueil","item":"https:\/\/evenements.infopro-digital.com\/lemoniteur\/actu-formations\/"},{"@type":"ListItem","position":2,"name":"[Replay Webinaire] Impacts de la taxonomie europ\u00e9enne sur les acteurs de l&rsquo;immobilier (1er d\u00e9cembre 2023)"}]},{"@type":"Person","@id":"https:\/\/evenements.infopro-digital.com\/lemoniteur\/actu-formations\/#\/schema\/person\/1491709e8bcb611ea38509b2f483f917","name":"bornachot","url":"https:\/\/evenements.infopro-digital.com\/lemoniteur\/actu-formations\/author\/bornachot\/"}]}},"_links":{"self":[{"href":"https:\/\/evenements.infopro-digital.com\/lemoniteur\/actu-formations\/wp-json\/wp\/v2\/posts\/842"}],"collection":[{"href":"https:\/\/evenements.infopro-digital.com\/lemoniteur\/actu-formations\/wp-json\/wp\/v2\/posts"}],"about":[{"href":"https:\/\/evenements.infopro-digital.com\/lemoniteur\/actu-formations\/wp-json\/wp\/v2\/types\/post"}],"author":[{"embeddable":true,"href":"https:\/\/evenements.infopro-digital.com\/lemoniteur\/actu-formations\/wp-json\/wp\/v2\/users\/9"}],"replies":[{"embeddable":true,"href":"https:\/\/evenements.infopro-digital.com\/lemoniteur\/actu-formations\/wp-json\/wp\/v2\/comments?post=842"}],"version-history":[{"count":2,"href":"https:\/\/evenements.infopro-digital.com\/lemoniteur\/actu-formations\/wp-json\/wp\/v2\/posts\/842\/revisions"}],"predecessor-version":[{"id":845,"href":"https:\/\/evenements.infopro-digital.com\/lemoniteur\/actu-formations\/wp-json\/wp\/v2\/posts\/842\/revisions\/845"}],"wp:featuredmedia":[{"embeddable":true,"href":"https:\/\/evenements.infopro-digital.com\/lemoniteur\/actu-formations\/wp-json\/wp\/v2\/media\/481"}],"wp:attachment":[{"href":"https:\/\/evenements.infopro-digital.com\/lemoniteur\/actu-formations\/wp-json\/wp\/v2\/media?parent=842"}],"wp:term":[{"taxonomy":"category","embeddable":true,"href":"https:\/\/evenements.infopro-digital.com\/lemoniteur\/actu-formations\/wp-json\/wp\/v2\/categories?post=842"},{"taxonomy":"post_tag","embeddable":true,"href":"https:\/\/evenements.infopro-digital.com\/lemoniteur\/actu-formations\/wp-json\/wp\/v2\/tags?post=842"}],"curies":[{"name":"wp","href":"https:\/\/api.w.org\/{rel}","templated":true}]}}