{"id":806,"date":"2023-10-01T17:37:37","date_gmt":"2023-10-01T15:37:37","guid":{"rendered":"https:\/\/evenements.infopro-digital.com\/lemoniteur\/actu-formations\/?p=806"},"modified":"2025-07-02T14:13:30","modified_gmt":"2025-07-02T12:13:30","slug":"replay-webinaire-les-cles-dun-cpf-co-construit-reussi-29-09-2023","status":"publish","type":"post","link":"https:\/\/evenements.infopro-digital.com\/lemoniteur\/actu-formations\/2023\/10\/01\/replay-webinaire-les-cles-dun-cpf-co-construit-reussi-29-09-2023\/","title":{"rendered":"[Replay Webinaire] Les cl\u00e9s d&rsquo;un CPF co-construit r\u00e9ussi (29\/09\/2023)"},"content":{"rendered":"<div  class=\"strate alignfull has-background-color-opacity-100\" style=\" background-position: 75% 23%;\"><div class=\"centrage\">\n\n<p class=\"has-medium-font-size\">La loi de finances 2023 a instaur\u00e9 un reste \u00e0 charge pour les salari\u00e9s qui souhaitent mobiliser leur CPF pour financer une formation, un bilan de comp\u00e9tences ou une VAE. Reste \u00e0 charge remis en cause la semaine derni\u00e8re suite \u00e0 l&rsquo;annonce du ministre. <br>Cependant, les entreprises peuvent engager des actions proactives pour compl\u00e9ter les financements du Compte personnel de formation (CPF) de leurs collaborateurs. Mais aujourd\u2019hui le CPF co-construit est peu pris en main par les employeurs : Pourquoi ? Quel r\u00f4le pouvez-vous jouer en tant qu\u2019entreprise dans ce dispositif avec quels avantages et comment le mettre en \u0153uvre ? <\/p>\n\n\n\n<p class=\"has-medium-font-size\">C\u2019est ce que nous avons abord\u00e9 lors de ce webinaire diffus\u00e9 le 29 septembre 2023, avec Christophe GAY, fondateur et dirigeant D\u2019Altius conseil.<\/p>\n\n\n\n<p class=\"has-medium-font-size\"><\/p>\n\n\n\n<div class=\"has-1-columns wp-block-columns\">\n<div class=\" wp-block-column\">\n<figure class=\"wp-block-embed-youtube wp-block-embed is-type-video is-provider-youtube wp-embed-aspect-16-9 wp-has-aspect-ratio\"><div class=\"wp-block-embed__wrapper\">\n<iframe loading=\"lazy\" title=\"Webinaire -  Les cl\u00e9s d&#039;un CPF co-construit r\u00e9ussi\" width=\"500\" height=\"281\" src=\"https:\/\/www.youtube-nocookie.com\/embed\/VYV9a7T_6D0?feature=oembed\" frameborder=\"0\" allow=\"accelerometer; autoplay; clipboard-write; encrypted-media; gyroscope; picture-in-picture; web-share\" allowfullscreen><\/iframe>\n<\/div><\/figure>\n<\/div>\n<\/div>\n\n\n\n<p>Pour t\u00e9l\u00e9charger le support, <a href=\"https:\/\/evenements.infopro-digital.com\/lemoniteur\/actu-formations\/\/app\/uploads\/sites\/2\/2023\/10\/Webinaire_CPF_co_construit_290923_VDEF.pdf\">cliquez ici<\/a><\/p>\n\n<\/div><\/div>","protected":false},"excerpt":{"rendered":"","protected":false},"author":9,"featured_media":481,"comment_status":"closed","ping_status":"open","sticky":false,"template":"","format":"standard","meta":{"custom_priority":""},"categories":[7],"tags":[],"yoast_head":"<!-- This site is optimized with the Yoast SEO plugin v18.9 - https:\/\/yoast.com\/wordpress\/plugins\/seo\/ -->\n<title>[Replay Webinaire] Les cl\u00e9s d&#039;un CPF co-construit r\u00e9ussi (29\/09\/2023) - Formation Lemoniteur<\/title>\n<meta name=\"description\" content=\"Appr\u00e9hender le montage de projet en BRS - Replay Webinaire du 15 novembre 2022\" \/>\n<meta name=\"robots\" content=\"index, follow, max-snippet:-1, max-image-preview:large, max-video-preview:-1\" \/>\n<link rel=\"canonical\" href=\"https:\/\/evenements.infopro-digital.com\/lemoniteur\/actu-formations\/2023\/10\/01\/replay-webinaire-les-cles-dun-cpf-co-construit-reussi-29-09-2023\/\" \/>\n<meta property=\"og:locale\" content=\"fr_FR\" \/>\n<meta property=\"og:type\" content=\"article\" \/>\n<meta property=\"og:title\" content=\"[Replay Webinaire] Les cl\u00e9s d&#039;un CPF co-construit r\u00e9ussi (29\/09\/2023) - Formation Lemoniteur\" \/>\n<meta property=\"og:description\" content=\"Appr\u00e9hender le montage de projet en BRS - Replay Webinaire du 15 novembre 2022\" \/>\n<meta property=\"og:url\" content=\"https:\/\/evenements.infopro-digital.com\/lemoniteur\/actu-formations\/2023\/10\/01\/replay-webinaire-les-cles-dun-cpf-co-construit-reussi-29-09-2023\/\" \/>\n<meta property=\"og:site_name\" content=\"Formation Lemoniteur\" \/>\n<meta property=\"article:published_time\" content=\"2023-10-01T15:37:37+00:00\" \/>\n<meta property=\"article:modified_time\" content=\"2025-07-02T12:13:30+00:00\" \/>\n<meta property=\"og:image\" content=\"https:\/\/evenements.infopro-digital.com\/lemoniteur\/actu-formations\/\/app\/uploads\/sites\/2\/2022\/04\/Sans-titre-2-scaled.jpg\" \/>\n\t<meta property=\"og:image:width\" content=\"1353\" \/>\n\t<meta property=\"og:image:height\" content=\"2560\" \/>\n\t<meta property=\"og:image:type\" content=\"image\/jpeg\" \/>\n<meta name=\"twitter:card\" content=\"summary_large_image\" \/>\n<meta name=\"twitter:label1\" content=\"Written by\" \/>\n\t<meta name=\"twitter:data1\" content=\"bornachot\" \/>\n\t<meta name=\"twitter:label2\" content=\"Est. reading time\" \/>\n\t<meta name=\"twitter:data2\" content=\"1 minute\" \/>\n<script type=\"application\/ld+json\" class=\"yoast-schema-graph\">{\"@context\":\"https:\/\/schema.org\",\"@graph\":[{\"@type\":\"WebSite\",\"@id\":\"https:\/\/evenements.infopro-digital.com\/lemoniteur\/actu-formations\/#website\",\"url\":\"https:\/\/evenements.infopro-digital.com\/lemoniteur\/actu-formations\/\",\"name\":\"Formation Lemoniteur\",\"description\":\"Un site utilisant Les sites de Formation argus\",\"potentialAction\":[{\"@type\":\"SearchAction\",\"target\":{\"@type\":\"EntryPoint\",\"urlTemplate\":\"https:\/\/evenements.infopro-digital.com\/lemoniteur\/actu-formations\/?s={search_term_string}\"},\"query-input\":\"required name=search_term_string\"}],\"inLanguage\":\"fr-FR\"},{\"@type\":\"ImageObject\",\"inLanguage\":\"fr-FR\",\"@id\":\"https:\/\/evenements.infopro-digital.com\/lemoniteur\/actu-formations\/2023\/10\/01\/replay-webinaire-les-cles-dun-cpf-co-construit-reussi-29-09-2023\/#primaryimage\",\"url\":\"https:\/\/evenements.infopro-digital.com\/lemoniteur\/actu-formations\/\/app\/uploads\/sites\/2\/2022\/04\/Sans-titre-2-scaled.jpg\",\"contentUrl\":\"https:\/\/evenements.infopro-digital.com\/lemoniteur\/actu-formations\/\/app\/uploads\/sites\/2\/2022\/04\/Sans-titre-2-scaled.jpg\",\"width\":1353,\"height\":2560},{\"@type\":\"WebPage\",\"@id\":\"https:\/\/evenements.infopro-digital.com\/lemoniteur\/actu-formations\/2023\/10\/01\/replay-webinaire-les-cles-dun-cpf-co-construit-reussi-29-09-2023\/#webpage\",\"url\":\"https:\/\/evenements.infopro-digital.com\/lemoniteur\/actu-formations\/2023\/10\/01\/replay-webinaire-les-cles-dun-cpf-co-construit-reussi-29-09-2023\/\",\"name\":\"[Replay Webinaire] Les cl\u00e9s d'un CPF co-construit r\u00e9ussi (29\/09\/2023) - Formation Lemoniteur\",\"isPartOf\":{\"@id\":\"https:\/\/evenements.infopro-digital.com\/lemoniteur\/actu-formations\/#website\"},\"primaryImageOfPage\":{\"@id\":\"https:\/\/evenements.infopro-digital.com\/lemoniteur\/actu-formations\/2023\/10\/01\/replay-webinaire-les-cles-dun-cpf-co-construit-reussi-29-09-2023\/#primaryimage\"},\"datePublished\":\"2023-10-01T15:37:37+00:00\",\"dateModified\":\"2025-07-02T12:13:30+00:00\",\"author\":{\"@id\":\"https:\/\/evenements.infopro-digital.com\/lemoniteur\/actu-formations\/#\/schema\/person\/1491709e8bcb611ea38509b2f483f917\"},\"description\":\"Appr\u00e9hender le montage de projet en BRS - Replay Webinaire du 15 novembre 2022\",\"breadcrumb\":{\"@id\":\"https:\/\/evenements.infopro-digital.com\/lemoniteur\/actu-formations\/2023\/10\/01\/replay-webinaire-les-cles-dun-cpf-co-construit-reussi-29-09-2023\/#breadcrumb\"},\"inLanguage\":\"fr-FR\",\"potentialAction\":[{\"@type\":\"ReadAction\",\"target\":[\"https:\/\/evenements.infopro-digital.com\/lemoniteur\/actu-formations\/2023\/10\/01\/replay-webinaire-les-cles-dun-cpf-co-construit-reussi-29-09-2023\/\"]}]},{\"@type\":\"BreadcrumbList\",\"@id\":\"https:\/\/evenements.infopro-digital.com\/lemoniteur\/actu-formations\/2023\/10\/01\/replay-webinaire-les-cles-dun-cpf-co-construit-reussi-29-09-2023\/#breadcrumb\",\"itemListElement\":[{\"@type\":\"ListItem\",\"position\":1,\"name\":\"Accueil\",\"item\":\"https:\/\/evenements.infopro-digital.com\/lemoniteur\/actu-formations\/\"},{\"@type\":\"ListItem\",\"position\":2,\"name\":\"[Replay Webinaire] Les cl\u00e9s d&rsquo;un CPF co-construit r\u00e9ussi (29\/09\/2023)\"}]},{\"@type\":\"Person\",\"@id\":\"https:\/\/evenements.infopro-digital.com\/lemoniteur\/actu-formations\/#\/schema\/person\/1491709e8bcb611ea38509b2f483f917\",\"name\":\"bornachot\",\"url\":\"https:\/\/evenements.infopro-digital.com\/lemoniteur\/actu-formations\/author\/bornachot\/\"}]}<\/script>\n<!-- \/ Yoast SEO plugin. -->","yoast_head_json":{"title":"[Replay Webinaire] Les cl\u00e9s d'un CPF co-construit r\u00e9ussi (29\/09\/2023) - Formation Lemoniteur","description":"Appr\u00e9hender le montage de projet en BRS - Replay Webinaire du 15 novembre 2022","robots":{"index":"index","follow":"follow","max-snippet":"max-snippet:-1","max-image-preview":"max-image-preview:large","max-video-preview":"max-video-preview:-1"},"canonical":"https:\/\/evenements.infopro-digital.com\/lemoniteur\/actu-formations\/2023\/10\/01\/replay-webinaire-les-cles-dun-cpf-co-construit-reussi-29-09-2023\/","og_locale":"fr_FR","og_type":"article","og_title":"[Replay Webinaire] Les cl\u00e9s d'un CPF co-construit r\u00e9ussi (29\/09\/2023) - Formation Lemoniteur","og_description":"Appr\u00e9hender le montage de projet en BRS - Replay Webinaire du 15 novembre 2022","og_url":"https:\/\/evenements.infopro-digital.com\/lemoniteur\/actu-formations\/2023\/10\/01\/replay-webinaire-les-cles-dun-cpf-co-construit-reussi-29-09-2023\/","og_site_name":"Formation Lemoniteur","article_published_time":"2023-10-01T15:37:37+00:00","article_modified_time":"2025-07-02T12:13:30+00:00","og_image":[{"width":1353,"height":2560,"url":"https:\/\/evenements.infopro-digital.com\/lemoniteur\/actu-formations\/\/app\/uploads\/sites\/2\/2022\/04\/Sans-titre-2-scaled.jpg","type":"image\/jpeg"}],"twitter_card":"summary_large_image","twitter_misc":{"Written by":"bornachot","Est. reading time":"1 minute"},"schema":{"@context":"https:\/\/schema.org","@graph":[{"@type":"WebSite","@id":"https:\/\/evenements.infopro-digital.com\/lemoniteur\/actu-formations\/#website","url":"https:\/\/evenements.infopro-digital.com\/lemoniteur\/actu-formations\/","name":"Formation Lemoniteur","description":"Un site utilisant Les sites de Formation argus","potentialAction":[{"@type":"SearchAction","target":{"@type":"EntryPoint","urlTemplate":"https:\/\/evenements.infopro-digital.com\/lemoniteur\/actu-formations\/?s={search_term_string}"},"query-input":"required name=search_term_string"}],"inLanguage":"fr-FR"},{"@type":"ImageObject","inLanguage":"fr-FR","@id":"https:\/\/evenements.infopro-digital.com\/lemoniteur\/actu-formations\/2023\/10\/01\/replay-webinaire-les-cles-dun-cpf-co-construit-reussi-29-09-2023\/#primaryimage","url":"https:\/\/evenements.infopro-digital.com\/lemoniteur\/actu-formations\/\/app\/uploads\/sites\/2\/2022\/04\/Sans-titre-2-scaled.jpg","contentUrl":"https:\/\/evenements.infopro-digital.com\/lemoniteur\/actu-formations\/\/app\/uploads\/sites\/2\/2022\/04\/Sans-titre-2-scaled.jpg","width":1353,"height":2560},{"@type":"WebPage","@id":"https:\/\/evenements.infopro-digital.com\/lemoniteur\/actu-formations\/2023\/10\/01\/replay-webinaire-les-cles-dun-cpf-co-construit-reussi-29-09-2023\/#webpage","url":"https:\/\/evenements.infopro-digital.com\/lemoniteur\/actu-formations\/2023\/10\/01\/replay-webinaire-les-cles-dun-cpf-co-construit-reussi-29-09-2023\/","name":"[Replay Webinaire] Les cl\u00e9s d'un CPF co-construit r\u00e9ussi (29\/09\/2023) - Formation Lemoniteur","isPartOf":{"@id":"https:\/\/evenements.infopro-digital.com\/lemoniteur\/actu-formations\/#website"},"primaryImageOfPage":{"@id":"https:\/\/evenements.infopro-digital.com\/lemoniteur\/actu-formations\/2023\/10\/01\/replay-webinaire-les-cles-dun-cpf-co-construit-reussi-29-09-2023\/#primaryimage"},"datePublished":"2023-10-01T15:37:37+00:00","dateModified":"2025-07-02T12:13:30+00:00","author":{"@id":"https:\/\/evenements.infopro-digital.com\/lemoniteur\/actu-formations\/#\/schema\/person\/1491709e8bcb611ea38509b2f483f917"},"description":"Appr\u00e9hender le montage de projet en BRS - Replay Webinaire du 15 novembre 2022","breadcrumb":{"@id":"https:\/\/evenements.infopro-digital.com\/lemoniteur\/actu-formations\/2023\/10\/01\/replay-webinaire-les-cles-dun-cpf-co-construit-reussi-29-09-2023\/#breadcrumb"},"inLanguage":"fr-FR","potentialAction":[{"@type":"ReadAction","target":["https:\/\/evenements.infopro-digital.com\/lemoniteur\/actu-formations\/2023\/10\/01\/replay-webinaire-les-cles-dun-cpf-co-construit-reussi-29-09-2023\/"]}]},{"@type":"BreadcrumbList","@id":"https:\/\/evenements.infopro-digital.com\/lemoniteur\/actu-formations\/2023\/10\/01\/replay-webinaire-les-cles-dun-cpf-co-construit-reussi-29-09-2023\/#breadcrumb","itemListElement":[{"@type":"ListItem","position":1,"name":"Accueil","item":"https:\/\/evenements.infopro-digital.com\/lemoniteur\/actu-formations\/"},{"@type":"ListItem","position":2,"name":"[Replay Webinaire] Les cl\u00e9s d&rsquo;un CPF co-construit r\u00e9ussi (29\/09\/2023)"}]},{"@type":"Person","@id":"https:\/\/evenements.infopro-digital.com\/lemoniteur\/actu-formations\/#\/schema\/person\/1491709e8bcb611ea38509b2f483f917","name":"bornachot","url":"https:\/\/evenements.infopro-digital.com\/lemoniteur\/actu-formations\/author\/bornachot\/"}]}},"_links":{"self":[{"href":"https:\/\/evenements.infopro-digital.com\/lemoniteur\/actu-formations\/wp-json\/wp\/v2\/posts\/806"}],"collection":[{"href":"https:\/\/evenements.infopro-digital.com\/lemoniteur\/actu-formations\/wp-json\/wp\/v2\/posts"}],"about":[{"href":"https:\/\/evenements.infopro-digital.com\/lemoniteur\/actu-formations\/wp-json\/wp\/v2\/types\/post"}],"author":[{"embeddable":true,"href":"https:\/\/evenements.infopro-digital.com\/lemoniteur\/actu-formations\/wp-json\/wp\/v2\/users\/9"}],"replies":[{"embeddable":true,"href":"https:\/\/evenements.infopro-digital.com\/lemoniteur\/actu-formations\/wp-json\/wp\/v2\/comments?post=806"}],"version-history":[{"count":4,"href":"https:\/\/evenements.infopro-digital.com\/lemoniteur\/actu-formations\/wp-json\/wp\/v2\/posts\/806\/revisions"}],"predecessor-version":[{"id":812,"href":"https:\/\/evenements.infopro-digital.com\/lemoniteur\/actu-formations\/wp-json\/wp\/v2\/posts\/806\/revisions\/812"}],"wp:featuredmedia":[{"embeddable":true,"href":"https:\/\/evenements.infopro-digital.com\/lemoniteur\/actu-formations\/wp-json\/wp\/v2\/media\/481"}],"wp:attachment":[{"href":"https:\/\/evenements.infopro-digital.com\/lemoniteur\/actu-formations\/wp-json\/wp\/v2\/media?parent=806"}],"wp:term":[{"taxonomy":"category","embeddable":true,"href":"https:\/\/evenements.infopro-digital.com\/lemoniteur\/actu-formations\/wp-json\/wp\/v2\/categories?post=806"},{"taxonomy":"post_tag","embeddable":true,"href":"https:\/\/evenements.infopro-digital.com\/lemoniteur\/actu-formations\/wp-json\/wp\/v2\/tags?post=806"}],"curies":[{"name":"wp","href":"https:\/\/api.w.org\/{rel}","templated":true}]}}