{"id":720,"date":"2023-04-21T14:33:45","date_gmt":"2023-04-21T12:33:45","guid":{"rendered":"https:\/\/evenements.infopro-digital.com\/lemoniteur\/actu-formations\/?p=720"},"modified":"2025-07-02T14:13:30","modified_gmt":"2025-07-02T12:13:30","slug":"replay-webinaire-la-ventilation-element-cle-pour-des-batiments-performants","status":"publish","type":"post","link":"https:\/\/evenements.infopro-digital.com\/lemoniteur\/actu-formations\/2023\/04\/21\/replay-webinaire-la-ventilation-element-cle-pour-des-batiments-performants\/","title":{"rendered":"[Replay Webinaire] La ventilation, \u00e9l\u00e9ment cl\u00e9 pour des b\u00e2timents performants"},"content":{"rendered":"<div  class=\"strate alignfull has-background-color-opacity-100\" style=\" background-position: 75% 23%;\"><div class=\"centrage\">\n\n<p class=\"has-medium-font-size\">L\u2019impact sanitaire de la pollution de l\u2019air fait chaque ann\u00e9e toujours plus de victimes.<br>Face \u00e0 ce constat, les professionnels du b\u00e2timent s\u2019organisent pour am\u00e9liorer la qualit\u00e9 de l\u2019air int\u00e9rieur (QAI) de nos b\u00e2timents (logement, bureaux, \u00e9coles\u2026) en faisant \u00e9voluer leurs pratiques.<\/p>\n\n\n\n<p class=\"has-medium-font-size\">L\u2019Agence qualit\u00e9 construction a d\u2019ailleurs publi\u00e9 l\u2019ann\u00e9e derni\u00e8re un guide o\u00f9 sont pr\u00e9sent\u00e9es les pratiques \u00e0 suivre d\u00e8s la programmation du projet.<br>Comprendre les enjeux, les r\u00e9glementations r\u00e9centes et les aspects techniques de la ventilation dans les b\u00e2timents est donc aujourd\u2019hui un objectif majeur pour des solutions plus performantes et en ad\u00e9quation avec la r\u00e9glementation.<\/p>\n\n\n\n<p class=\"has-medium-font-size\">St\u00e9phane FAVEREAU, Directeur technique du bureau d\u2019\u00e9tudes GEDATEL, nous fait b\u00e9n\u00e9ficier de son expertise de thermicien et de praticien du terrain lors d&rsquo;un webinaire.<\/p>\n\n\n\n<div class=\"has-2-columns wp-block-columns\">\n<div class=\" wp-block-column\">\n<p class=\"has-medium-font-size\"><strong>Au programme : <\/strong><br>\u2022 Qualit\u00e9 de l\u2019air et ventilation<\/p>\n\n\n\n<p class=\"has-medium-font-size\">\u2022 Les obligations de contr\u00f4le de la ventilation en r\u00e9sidentiel neuf en fin de chantier<\/p>\n\n\n\n<p class=\"has-medium-font-size\">\u2022 Les meilleures techniques disponibles<\/p>\n\n\n\n<p class=\"has-medium-font-size\">\u2022 La maitrise de l\u2019\u00e9nergie et le d\u00e9bit d\u2019hygi\u00e8ne r\u00e9glementaire<\/p>\n\n\n\n<p class=\"has-medium-font-size\">? <strong>Aller plus loin ? <\/strong><br>\u2022 D\u00e9couvrez notre formation associ\u00e9e :<br>  <strong>Fondamentaux de la ventilation dans les b\u00e2timents <\/strong>: <a rel=\"noreferrer noopener\" href=\"https:\/\/evenements.infopro-digital.com\/lemoniteur\/formation-fondamentaux-de-la-ventilation-dans-les-batiments-p-1810?xtor=CS2-633\" target=\"_blank\">cliquez ici<\/a><\/p>\n<\/div>\n\n\n\n<div class=\" wp-block-column\">\n<figure class=\"wp-block-embed-youtube wp-block-embed is-type-video is-provider-youtube wp-embed-aspect-16-9 wp-has-aspect-ratio\"><div class=\"wp-block-embed__wrapper\">\n<iframe loading=\"lazy\" title=\"Webinaire   La ventilation, \u00e9l\u00e9ment cl\u00e9 pour des b\u00e2timents performants\" width=\"500\" height=\"281\" src=\"https:\/\/www.youtube-nocookie.com\/embed\/m48WHIqtvcs?feature=oembed\" frameborder=\"0\" allow=\"accelerometer; autoplay; clipboard-write; encrypted-media; gyroscope; picture-in-picture; web-share\" allowfullscreen><\/iframe>\n<\/div><\/figure>\n<\/div>\n<\/div>\n\n<\/div><\/div>","protected":false},"excerpt":{"rendered":"","protected":false},"author":7,"featured_media":724,"comment_status":"closed","ping_status":"open","sticky":false,"template":"","format":"standard","meta":{"custom_priority":""},"categories":[7],"tags":[],"yoast_head":"<!-- This site is optimized with the Yoast SEO plugin v18.9 - https:\/\/yoast.com\/wordpress\/plugins\/seo\/ -->\n<title>[Replay Webinaire] La ventilation, \u00e9l\u00e9ment cl\u00e9 pour des b\u00e2timents performants - Formation Lemoniteur<\/title>\n<meta name=\"description\" content=\"Appr\u00e9hender le montage de projet en BRS - Replay Webinaire du 15 novembre 2022\" \/>\n<meta name=\"robots\" content=\"index, follow, max-snippet:-1, max-image-preview:large, max-video-preview:-1\" \/>\n<link rel=\"canonical\" href=\"https:\/\/evenements.infopro-digital.com\/lemoniteur\/actu-formations\/2023\/04\/21\/replay-webinaire-la-ventilation-element-cle-pour-des-batiments-performants\/\" \/>\n<meta property=\"og:locale\" content=\"fr_FR\" \/>\n<meta property=\"og:type\" content=\"article\" \/>\n<meta property=\"og:title\" content=\"[Replay Webinaire] La ventilation, \u00e9l\u00e9ment cl\u00e9 pour des b\u00e2timents performants - Formation Lemoniteur\" \/>\n<meta property=\"og:description\" content=\"Appr\u00e9hender le montage de projet en BRS - Replay Webinaire du 15 novembre 2022\" \/>\n<meta property=\"og:url\" content=\"https:\/\/evenements.infopro-digital.com\/lemoniteur\/actu-formations\/2023\/04\/21\/replay-webinaire-la-ventilation-element-cle-pour-des-batiments-performants\/\" \/>\n<meta property=\"og:site_name\" content=\"Formation Lemoniteur\" \/>\n<meta property=\"article:published_time\" content=\"2023-04-21T12:33:45+00:00\" \/>\n<meta property=\"article:modified_time\" content=\"2025-07-02T12:13:30+00:00\" \/>\n<meta property=\"og:image\" content=\"https:\/\/evenements.infopro-digital.com\/lemoniteur\/actu-formations\/\/app\/uploads\/sites\/2\/2023\/04\/Ventilation.jpg\" \/>\n\t<meta property=\"og:image:width\" content=\"1200\" \/>\n\t<meta property=\"og:image:height\" content=\"1200\" \/>\n\t<meta property=\"og:image:type\" content=\"image\/jpeg\" \/>\n<meta name=\"twitter:card\" content=\"summary_large_image\" \/>\n<meta name=\"twitter:label1\" content=\"Written by\" \/>\n\t<meta name=\"twitter:data1\" content=\"dgatera\" \/>\n\t<meta name=\"twitter:label2\" content=\"Est. reading time\" \/>\n\t<meta name=\"twitter:data2\" content=\"1 minute\" \/>\n<script type=\"application\/ld+json\" class=\"yoast-schema-graph\">{\"@context\":\"https:\/\/schema.org\",\"@graph\":[{\"@type\":\"WebSite\",\"@id\":\"https:\/\/evenements.infopro-digital.com\/lemoniteur\/actu-formations\/#website\",\"url\":\"https:\/\/evenements.infopro-digital.com\/lemoniteur\/actu-formations\/\",\"name\":\"Formation Lemoniteur\",\"description\":\"Un site utilisant Les sites de Formation argus\",\"potentialAction\":[{\"@type\":\"SearchAction\",\"target\":{\"@type\":\"EntryPoint\",\"urlTemplate\":\"https:\/\/evenements.infopro-digital.com\/lemoniteur\/actu-formations\/?s={search_term_string}\"},\"query-input\":\"required name=search_term_string\"}],\"inLanguage\":\"fr-FR\"},{\"@type\":\"ImageObject\",\"inLanguage\":\"fr-FR\",\"@id\":\"https:\/\/evenements.infopro-digital.com\/lemoniteur\/actu-formations\/2023\/04\/21\/replay-webinaire-la-ventilation-element-cle-pour-des-batiments-performants\/#primaryimage\",\"url\":\"https:\/\/evenements.infopro-digital.com\/lemoniteur\/actu-formations\/\/app\/uploads\/sites\/2\/2023\/04\/Ventilation.jpg\",\"contentUrl\":\"https:\/\/evenements.infopro-digital.com\/lemoniteur\/actu-formations\/\/app\/uploads\/sites\/2\/2023\/04\/Ventilation.jpg\",\"width\":1200,\"height\":1200},{\"@type\":\"WebPage\",\"@id\":\"https:\/\/evenements.infopro-digital.com\/lemoniteur\/actu-formations\/2023\/04\/21\/replay-webinaire-la-ventilation-element-cle-pour-des-batiments-performants\/#webpage\",\"url\":\"https:\/\/evenements.infopro-digital.com\/lemoniteur\/actu-formations\/2023\/04\/21\/replay-webinaire-la-ventilation-element-cle-pour-des-batiments-performants\/\",\"name\":\"[Replay Webinaire] La ventilation, \u00e9l\u00e9ment cl\u00e9 pour des b\u00e2timents performants - Formation Lemoniteur\",\"isPartOf\":{\"@id\":\"https:\/\/evenements.infopro-digital.com\/lemoniteur\/actu-formations\/#website\"},\"primaryImageOfPage\":{\"@id\":\"https:\/\/evenements.infopro-digital.com\/lemoniteur\/actu-formations\/2023\/04\/21\/replay-webinaire-la-ventilation-element-cle-pour-des-batiments-performants\/#primaryimage\"},\"datePublished\":\"2023-04-21T12:33:45+00:00\",\"dateModified\":\"2025-07-02T12:13:30+00:00\",\"author\":{\"@id\":\"https:\/\/evenements.infopro-digital.com\/lemoniteur\/actu-formations\/#\/schema\/person\/1ffef77d98dda08f03b0c86efc71ab7f\"},\"description\":\"Appr\u00e9hender le montage de projet en BRS - Replay Webinaire du 15 novembre 2022\",\"breadcrumb\":{\"@id\":\"https:\/\/evenements.infopro-digital.com\/lemoniteur\/actu-formations\/2023\/04\/21\/replay-webinaire-la-ventilation-element-cle-pour-des-batiments-performants\/#breadcrumb\"},\"inLanguage\":\"fr-FR\",\"potentialAction\":[{\"@type\":\"ReadAction\",\"target\":[\"https:\/\/evenements.infopro-digital.com\/lemoniteur\/actu-formations\/2023\/04\/21\/replay-webinaire-la-ventilation-element-cle-pour-des-batiments-performants\/\"]}]},{\"@type\":\"BreadcrumbList\",\"@id\":\"https:\/\/evenements.infopro-digital.com\/lemoniteur\/actu-formations\/2023\/04\/21\/replay-webinaire-la-ventilation-element-cle-pour-des-batiments-performants\/#breadcrumb\",\"itemListElement\":[{\"@type\":\"ListItem\",\"position\":1,\"name\":\"Accueil\",\"item\":\"https:\/\/evenements.infopro-digital.com\/lemoniteur\/actu-formations\/\"},{\"@type\":\"ListItem\",\"position\":2,\"name\":\"[Replay Webinaire] La ventilation, \u00e9l\u00e9ment cl\u00e9 pour des b\u00e2timents performants\"}]},{\"@type\":\"Person\",\"@id\":\"https:\/\/evenements.infopro-digital.com\/lemoniteur\/actu-formations\/#\/schema\/person\/1ffef77d98dda08f03b0c86efc71ab7f\",\"name\":\"dgatera\",\"url\":\"https:\/\/evenements.infopro-digital.com\/lemoniteur\/actu-formations\/author\/dgatera\/\"}]}<\/script>\n<!-- \/ Yoast SEO plugin. -->","yoast_head_json":{"title":"[Replay Webinaire] La ventilation, \u00e9l\u00e9ment cl\u00e9 pour des b\u00e2timents performants - Formation Lemoniteur","description":"Appr\u00e9hender le montage de projet en BRS - Replay Webinaire du 15 novembre 2022","robots":{"index":"index","follow":"follow","max-snippet":"max-snippet:-1","max-image-preview":"max-image-preview:large","max-video-preview":"max-video-preview:-1"},"canonical":"https:\/\/evenements.infopro-digital.com\/lemoniteur\/actu-formations\/2023\/04\/21\/replay-webinaire-la-ventilation-element-cle-pour-des-batiments-performants\/","og_locale":"fr_FR","og_type":"article","og_title":"[Replay Webinaire] La ventilation, \u00e9l\u00e9ment cl\u00e9 pour des b\u00e2timents performants - Formation Lemoniteur","og_description":"Appr\u00e9hender le montage de projet en BRS - Replay Webinaire du 15 novembre 2022","og_url":"https:\/\/evenements.infopro-digital.com\/lemoniteur\/actu-formations\/2023\/04\/21\/replay-webinaire-la-ventilation-element-cle-pour-des-batiments-performants\/","og_site_name":"Formation Lemoniteur","article_published_time":"2023-04-21T12:33:45+00:00","article_modified_time":"2025-07-02T12:13:30+00:00","og_image":[{"width":1200,"height":1200,"url":"https:\/\/evenements.infopro-digital.com\/lemoniteur\/actu-formations\/\/app\/uploads\/sites\/2\/2023\/04\/Ventilation.jpg","type":"image\/jpeg"}],"twitter_card":"summary_large_image","twitter_misc":{"Written by":"dgatera","Est. reading time":"1 minute"},"schema":{"@context":"https:\/\/schema.org","@graph":[{"@type":"WebSite","@id":"https:\/\/evenements.infopro-digital.com\/lemoniteur\/actu-formations\/#website","url":"https:\/\/evenements.infopro-digital.com\/lemoniteur\/actu-formations\/","name":"Formation Lemoniteur","description":"Un site utilisant Les sites de Formation argus","potentialAction":[{"@type":"SearchAction","target":{"@type":"EntryPoint","urlTemplate":"https:\/\/evenements.infopro-digital.com\/lemoniteur\/actu-formations\/?s={search_term_string}"},"query-input":"required name=search_term_string"}],"inLanguage":"fr-FR"},{"@type":"ImageObject","inLanguage":"fr-FR","@id":"https:\/\/evenements.infopro-digital.com\/lemoniteur\/actu-formations\/2023\/04\/21\/replay-webinaire-la-ventilation-element-cle-pour-des-batiments-performants\/#primaryimage","url":"https:\/\/evenements.infopro-digital.com\/lemoniteur\/actu-formations\/\/app\/uploads\/sites\/2\/2023\/04\/Ventilation.jpg","contentUrl":"https:\/\/evenements.infopro-digital.com\/lemoniteur\/actu-formations\/\/app\/uploads\/sites\/2\/2023\/04\/Ventilation.jpg","width":1200,"height":1200},{"@type":"WebPage","@id":"https:\/\/evenements.infopro-digital.com\/lemoniteur\/actu-formations\/2023\/04\/21\/replay-webinaire-la-ventilation-element-cle-pour-des-batiments-performants\/#webpage","url":"https:\/\/evenements.infopro-digital.com\/lemoniteur\/actu-formations\/2023\/04\/21\/replay-webinaire-la-ventilation-element-cle-pour-des-batiments-performants\/","name":"[Replay Webinaire] La ventilation, \u00e9l\u00e9ment cl\u00e9 pour des b\u00e2timents performants - Formation Lemoniteur","isPartOf":{"@id":"https:\/\/evenements.infopro-digital.com\/lemoniteur\/actu-formations\/#website"},"primaryImageOfPage":{"@id":"https:\/\/evenements.infopro-digital.com\/lemoniteur\/actu-formations\/2023\/04\/21\/replay-webinaire-la-ventilation-element-cle-pour-des-batiments-performants\/#primaryimage"},"datePublished":"2023-04-21T12:33:45+00:00","dateModified":"2025-07-02T12:13:30+00:00","author":{"@id":"https:\/\/evenements.infopro-digital.com\/lemoniteur\/actu-formations\/#\/schema\/person\/1ffef77d98dda08f03b0c86efc71ab7f"},"description":"Appr\u00e9hender le montage de projet en BRS - Replay Webinaire du 15 novembre 2022","breadcrumb":{"@id":"https:\/\/evenements.infopro-digital.com\/lemoniteur\/actu-formations\/2023\/04\/21\/replay-webinaire-la-ventilation-element-cle-pour-des-batiments-performants\/#breadcrumb"},"inLanguage":"fr-FR","potentialAction":[{"@type":"ReadAction","target":["https:\/\/evenements.infopro-digital.com\/lemoniteur\/actu-formations\/2023\/04\/21\/replay-webinaire-la-ventilation-element-cle-pour-des-batiments-performants\/"]}]},{"@type":"BreadcrumbList","@id":"https:\/\/evenements.infopro-digital.com\/lemoniteur\/actu-formations\/2023\/04\/21\/replay-webinaire-la-ventilation-element-cle-pour-des-batiments-performants\/#breadcrumb","itemListElement":[{"@type":"ListItem","position":1,"name":"Accueil","item":"https:\/\/evenements.infopro-digital.com\/lemoniteur\/actu-formations\/"},{"@type":"ListItem","position":2,"name":"[Replay Webinaire] La ventilation, \u00e9l\u00e9ment cl\u00e9 pour des b\u00e2timents performants"}]},{"@type":"Person","@id":"https:\/\/evenements.infopro-digital.com\/lemoniteur\/actu-formations\/#\/schema\/person\/1ffef77d98dda08f03b0c86efc71ab7f","name":"dgatera","url":"https:\/\/evenements.infopro-digital.com\/lemoniteur\/actu-formations\/author\/dgatera\/"}]}},"_links":{"self":[{"href":"https:\/\/evenements.infopro-digital.com\/lemoniteur\/actu-formations\/wp-json\/wp\/v2\/posts\/720"}],"collection":[{"href":"https:\/\/evenements.infopro-digital.com\/lemoniteur\/actu-formations\/wp-json\/wp\/v2\/posts"}],"about":[{"href":"https:\/\/evenements.infopro-digital.com\/lemoniteur\/actu-formations\/wp-json\/wp\/v2\/types\/post"}],"author":[{"embeddable":true,"href":"https:\/\/evenements.infopro-digital.com\/lemoniteur\/actu-formations\/wp-json\/wp\/v2\/users\/7"}],"replies":[{"embeddable":true,"href":"https:\/\/evenements.infopro-digital.com\/lemoniteur\/actu-formations\/wp-json\/wp\/v2\/comments?post=720"}],"version-history":[{"count":5,"href":"https:\/\/evenements.infopro-digital.com\/lemoniteur\/actu-formations\/wp-json\/wp\/v2\/posts\/720\/revisions"}],"predecessor-version":[{"id":727,"href":"https:\/\/evenements.infopro-digital.com\/lemoniteur\/actu-formations\/wp-json\/wp\/v2\/posts\/720\/revisions\/727"}],"wp:featuredmedia":[{"embeddable":true,"href":"https:\/\/evenements.infopro-digital.com\/lemoniteur\/actu-formations\/wp-json\/wp\/v2\/media\/724"}],"wp:attachment":[{"href":"https:\/\/evenements.infopro-digital.com\/lemoniteur\/actu-formations\/wp-json\/wp\/v2\/media?parent=720"}],"wp:term":[{"taxonomy":"category","embeddable":true,"href":"https:\/\/evenements.infopro-digital.com\/lemoniteur\/actu-formations\/wp-json\/wp\/v2\/categories?post=720"},{"taxonomy":"post_tag","embeddable":true,"href":"https:\/\/evenements.infopro-digital.com\/lemoniteur\/actu-formations\/wp-json\/wp\/v2\/tags?post=720"}],"curies":[{"name":"wp","href":"https:\/\/api.w.org\/{rel}","templated":true}]}}