{"id":706,"date":"2023-04-14T15:56:50","date_gmt":"2023-04-14T13:56:50","guid":{"rendered":"https:\/\/evenements.infopro-digital.com\/lemoniteur\/actu-formations\/?p=706"},"modified":"2025-07-02T14:13:30","modified_gmt":"2025-07-02T12:13:30","slug":"replay-webinaire-decarbonation-du-batiment-a-lhorizon-2050-osons-et-imaginons","status":"publish","type":"post","link":"https:\/\/evenements.infopro-digital.com\/lemoniteur\/actu-formations\/2023\/04\/14\/replay-webinaire-decarbonation-du-batiment-a-lhorizon-2050-osons-et-imaginons\/","title":{"rendered":"[Replay Webinaire] D\u00e9carbonation du b\u00e2timent \u00e0 l&rsquo;horizon 2050 : osons et imaginons !"},"content":{"rendered":"<div  class=\"strate alignfull has-background-color-opacity-100\" style=\" background-position: 75% 23%;\"><div class=\"centrage\">\n\n<p class=\"has-medium-font-size\">Apr\u00e8s le \u00ab z\u00e9ro \u00e9nergie \u00bb de la RE2020, nous allons tous vers le z\u00e9ro carbone\u2026 C\u2019est la th\u00e9orie de l\u2019engagement qui fait que nous devons tous faire un geste pour la plan\u00e8te.<\/p>\n\n\n\n<p class=\"has-medium-font-size\">Cette mise en \u0153uvre d\u00e9pend \u00e0 la fois des industriels qui font un travail important pour mettre sur le march\u00e9 de la construction des produits de moins en moins impactant sur l\u2019environnement, mais aussi des concepteurs qui doivent faire \u0153uvre d\u2019innovation et ne pas reproduire les m\u00eames projets en changeant quelques mat\u00e9riaux pour qu\u2019ils soient moins carbon\u00e9s.<\/p>\n\n\n\n<p class=\"has-medium-font-size\">La v\u00e9rit\u00e9 n\u2019est pas dans le tout bois ou dans le tout mat\u00e9riaux biosourc\u00e9s : il y a aussi le b\u00e2timent \u00e0 ossature b\u00e9ton et le remplissage bottes de paille, etc. Osons et imaginons !<\/p>\n\n\n\n<p class=\"has-medium-font-size\">C\u2019est avec Jean-Pierre MOYA, \u00c9nergie consultant, que ces sujets sont abord\u00e9s lors de ce webinaire.<\/p>\n\n\n\n<div class=\"has-2-columns wp-block-columns\">\n<div class=\" wp-block-column\">\n<p><\/p>\n\n\n\n<p><\/p>\n\n\n\n<p class=\"has-medium-font-size\">? <strong>Aller plus loin ? <\/strong><br>  D\u00e9couvrez nos formations associ\u00e9es :<\/p>\n\n\n\n<p class=\"has-medium-font-size\">  \u2022 <strong>R\u00e9glementation environnementale 2020 (RE2020) <\/strong>: <a rel=\"noreferrer noopener\" href=\"https:\/\/evenements.infopro-digital.com\/lemoniteur\/formation-reglementation-environnementale-2020-p-2074\/\" target=\"_blank\">cliquez ici<\/a><\/p>\n\n\n\n<p class=\"has-medium-font-size\">  \u2022 <strong>Strat\u00e9gie bioclimatique en r\u00e9habilitation<\/strong> : <a rel=\"noreferrer noopener\" href=\"https:\/\/evenements.infopro-digital.com\/lemoniteur\/formation-strategie-bioclimatique-en-rehabilitation-p-9414\/\" target=\"_blank\">cliquez ici<\/a><\/p>\n\n\n\n<p class=\"has-medium-font-size\">  \u2022 <strong>Adapter les b\u00e2timents au changement climatique<\/strong> : <a rel=\"noreferrer noopener\" href=\"https:\/\/evenements.infopro-digital.com\/lemoniteur\/formation-adapter-les-batiments-au-changement-climatique-p-13089\/\" target=\"_blank\">cliquez ici<\/a><\/p>\n<\/div>\n\n\n\n<div class=\" wp-block-column\">\n<figure class=\"wp-block-embed is-type-video is-provider-youtube wp-block-embed-youtube wp-embed-aspect-16-9 wp-has-aspect-ratio\"><div class=\"wp-block-embed__wrapper\">\n<iframe loading=\"lazy\" title=\"Webinaire : D\u00e9carbonation du B\u00e2timent \u00e0 l&#039;horizon 2050, osons et imaginons !\" width=\"500\" height=\"281\" src=\"https:\/\/www.youtube-nocookie.com\/embed\/aTJGqYjOEJM?feature=oembed\" frameborder=\"0\" allow=\"accelerometer; autoplay; clipboard-write; encrypted-media; gyroscope; picture-in-picture; web-share\" referrerpolicy=\"strict-origin-when-cross-origin\" allowfullscreen><\/iframe>\n<\/div><\/figure>\n<\/div>\n<\/div>\n\n<\/div><\/div>","protected":false},"excerpt":{"rendered":"","protected":false},"author":7,"featured_media":710,"comment_status":"closed","ping_status":"open","sticky":false,"template":"","format":"standard","meta":{"custom_priority":""},"categories":[7],"tags":[],"yoast_head":"<!-- This site is optimized with the Yoast SEO plugin v18.9 - https:\/\/yoast.com\/wordpress\/plugins\/seo\/ -->\n<title>[Replay Webinaire] D\u00e9carbonation du b\u00e2timent \u00e0 l&#039;horizon 2050 : osons et imaginons ! - Formation Lemoniteur<\/title>\n<meta name=\"description\" content=\"Appr\u00e9hender le montage de projet en BRS - Replay Webinaire du 15 novembre 2022\" \/>\n<meta name=\"robots\" content=\"index, follow, max-snippet:-1, max-image-preview:large, max-video-preview:-1\" \/>\n<link rel=\"canonical\" href=\"https:\/\/evenements.infopro-digital.com\/lemoniteur\/actu-formations\/2023\/04\/14\/replay-webinaire-decarbonation-du-batiment-a-lhorizon-2050-osons-et-imaginons\/\" \/>\n<meta property=\"og:locale\" content=\"fr_FR\" \/>\n<meta property=\"og:type\" content=\"article\" \/>\n<meta property=\"og:title\" content=\"[Replay Webinaire] D\u00e9carbonation du b\u00e2timent \u00e0 l&#039;horizon 2050 : osons et imaginons ! - Formation Lemoniteur\" \/>\n<meta property=\"og:description\" content=\"Appr\u00e9hender le montage de projet en BRS - Replay Webinaire du 15 novembre 2022\" \/>\n<meta property=\"og:url\" content=\"https:\/\/evenements.infopro-digital.com\/lemoniteur\/actu-formations\/2023\/04\/14\/replay-webinaire-decarbonation-du-batiment-a-lhorizon-2050-osons-et-imaginons\/\" \/>\n<meta property=\"og:site_name\" content=\"Formation Lemoniteur\" \/>\n<meta property=\"article:published_time\" content=\"2023-04-14T13:56:50+00:00\" \/>\n<meta property=\"article:modified_time\" content=\"2025-07-02T12:13:30+00:00\" \/>\n<meta property=\"og:image\" content=\"https:\/\/evenements.infopro-digital.com\/lemoniteur\/actu-formations\/\/app\/uploads\/sites\/2\/2023\/04\/Decarbonation.png\" \/>\n\t<meta property=\"og:image:width\" content=\"2000\" \/>\n\t<meta property=\"og:image:height\" content=\"1600\" \/>\n\t<meta property=\"og:image:type\" content=\"image\/png\" \/>\n<meta name=\"twitter:card\" content=\"summary_large_image\" \/>\n<meta name=\"twitter:label1\" content=\"Written by\" \/>\n\t<meta name=\"twitter:data1\" content=\"dgatera\" \/>\n\t<meta name=\"twitter:label2\" content=\"Est. reading time\" \/>\n\t<meta name=\"twitter:data2\" content=\"1 minute\" \/>\n<script type=\"application\/ld+json\" class=\"yoast-schema-graph\">{\"@context\":\"https:\/\/schema.org\",\"@graph\":[{\"@type\":\"WebSite\",\"@id\":\"https:\/\/evenements.infopro-digital.com\/lemoniteur\/actu-formations\/#website\",\"url\":\"https:\/\/evenements.infopro-digital.com\/lemoniteur\/actu-formations\/\",\"name\":\"Formation Lemoniteur\",\"description\":\"Un site utilisant Les sites de Formation argus\",\"potentialAction\":[{\"@type\":\"SearchAction\",\"target\":{\"@type\":\"EntryPoint\",\"urlTemplate\":\"https:\/\/evenements.infopro-digital.com\/lemoniteur\/actu-formations\/?s={search_term_string}\"},\"query-input\":\"required name=search_term_string\"}],\"inLanguage\":\"fr-FR\"},{\"@type\":\"ImageObject\",\"inLanguage\":\"fr-FR\",\"@id\":\"https:\/\/evenements.infopro-digital.com\/lemoniteur\/actu-formations\/2023\/04\/14\/replay-webinaire-decarbonation-du-batiment-a-lhorizon-2050-osons-et-imaginons\/#primaryimage\",\"url\":\"https:\/\/evenements.infopro-digital.com\/lemoniteur\/actu-formations\/\/app\/uploads\/sites\/2\/2023\/04\/Decarbonation.png\",\"contentUrl\":\"https:\/\/evenements.infopro-digital.com\/lemoniteur\/actu-formations\/\/app\/uploads\/sites\/2\/2023\/04\/Decarbonation.png\",\"width\":2000,\"height\":1600},{\"@type\":\"WebPage\",\"@id\":\"https:\/\/evenements.infopro-digital.com\/lemoniteur\/actu-formations\/2023\/04\/14\/replay-webinaire-decarbonation-du-batiment-a-lhorizon-2050-osons-et-imaginons\/#webpage\",\"url\":\"https:\/\/evenements.infopro-digital.com\/lemoniteur\/actu-formations\/2023\/04\/14\/replay-webinaire-decarbonation-du-batiment-a-lhorizon-2050-osons-et-imaginons\/\",\"name\":\"[Replay Webinaire] D\u00e9carbonation du b\u00e2timent \u00e0 l'horizon 2050 : osons et imaginons ! - Formation Lemoniteur\",\"isPartOf\":{\"@id\":\"https:\/\/evenements.infopro-digital.com\/lemoniteur\/actu-formations\/#website\"},\"primaryImageOfPage\":{\"@id\":\"https:\/\/evenements.infopro-digital.com\/lemoniteur\/actu-formations\/2023\/04\/14\/replay-webinaire-decarbonation-du-batiment-a-lhorizon-2050-osons-et-imaginons\/#primaryimage\"},\"datePublished\":\"2023-04-14T13:56:50+00:00\",\"dateModified\":\"2025-07-02T12:13:30+00:00\",\"author\":{\"@id\":\"https:\/\/evenements.infopro-digital.com\/lemoniteur\/actu-formations\/#\/schema\/person\/1ffef77d98dda08f03b0c86efc71ab7f\"},\"description\":\"Appr\u00e9hender le montage de projet en BRS - Replay Webinaire du 15 novembre 2022\",\"breadcrumb\":{\"@id\":\"https:\/\/evenements.infopro-digital.com\/lemoniteur\/actu-formations\/2023\/04\/14\/replay-webinaire-decarbonation-du-batiment-a-lhorizon-2050-osons-et-imaginons\/#breadcrumb\"},\"inLanguage\":\"fr-FR\",\"potentialAction\":[{\"@type\":\"ReadAction\",\"target\":[\"https:\/\/evenements.infopro-digital.com\/lemoniteur\/actu-formations\/2023\/04\/14\/replay-webinaire-decarbonation-du-batiment-a-lhorizon-2050-osons-et-imaginons\/\"]}]},{\"@type\":\"BreadcrumbList\",\"@id\":\"https:\/\/evenements.infopro-digital.com\/lemoniteur\/actu-formations\/2023\/04\/14\/replay-webinaire-decarbonation-du-batiment-a-lhorizon-2050-osons-et-imaginons\/#breadcrumb\",\"itemListElement\":[{\"@type\":\"ListItem\",\"position\":1,\"name\":\"Accueil\",\"item\":\"https:\/\/evenements.infopro-digital.com\/lemoniteur\/actu-formations\/\"},{\"@type\":\"ListItem\",\"position\":2,\"name\":\"[Replay Webinaire] D\u00e9carbonation du b\u00e2timent \u00e0 l&rsquo;horizon 2050 : osons et imaginons !\"}]},{\"@type\":\"Person\",\"@id\":\"https:\/\/evenements.infopro-digital.com\/lemoniteur\/actu-formations\/#\/schema\/person\/1ffef77d98dda08f03b0c86efc71ab7f\",\"name\":\"dgatera\",\"url\":\"https:\/\/evenements.infopro-digital.com\/lemoniteur\/actu-formations\/author\/dgatera\/\"}]}<\/script>\n<!-- \/ Yoast SEO plugin. -->","yoast_head_json":{"title":"[Replay Webinaire] D\u00e9carbonation du b\u00e2timent \u00e0 l'horizon 2050 : osons et imaginons ! - Formation Lemoniteur","description":"Appr\u00e9hender le montage de projet en BRS - Replay Webinaire du 15 novembre 2022","robots":{"index":"index","follow":"follow","max-snippet":"max-snippet:-1","max-image-preview":"max-image-preview:large","max-video-preview":"max-video-preview:-1"},"canonical":"https:\/\/evenements.infopro-digital.com\/lemoniteur\/actu-formations\/2023\/04\/14\/replay-webinaire-decarbonation-du-batiment-a-lhorizon-2050-osons-et-imaginons\/","og_locale":"fr_FR","og_type":"article","og_title":"[Replay Webinaire] D\u00e9carbonation du b\u00e2timent \u00e0 l'horizon 2050 : osons et imaginons ! - Formation Lemoniteur","og_description":"Appr\u00e9hender le montage de projet en BRS - Replay Webinaire du 15 novembre 2022","og_url":"https:\/\/evenements.infopro-digital.com\/lemoniteur\/actu-formations\/2023\/04\/14\/replay-webinaire-decarbonation-du-batiment-a-lhorizon-2050-osons-et-imaginons\/","og_site_name":"Formation Lemoniteur","article_published_time":"2023-04-14T13:56:50+00:00","article_modified_time":"2025-07-02T12:13:30+00:00","og_image":[{"width":2000,"height":1600,"url":"https:\/\/evenements.infopro-digital.com\/lemoniteur\/actu-formations\/\/app\/uploads\/sites\/2\/2023\/04\/Decarbonation.png","type":"image\/png"}],"twitter_card":"summary_large_image","twitter_misc":{"Written by":"dgatera","Est. reading time":"1 minute"},"schema":{"@context":"https:\/\/schema.org","@graph":[{"@type":"WebSite","@id":"https:\/\/evenements.infopro-digital.com\/lemoniteur\/actu-formations\/#website","url":"https:\/\/evenements.infopro-digital.com\/lemoniteur\/actu-formations\/","name":"Formation Lemoniteur","description":"Un site utilisant Les sites de Formation argus","potentialAction":[{"@type":"SearchAction","target":{"@type":"EntryPoint","urlTemplate":"https:\/\/evenements.infopro-digital.com\/lemoniteur\/actu-formations\/?s={search_term_string}"},"query-input":"required name=search_term_string"}],"inLanguage":"fr-FR"},{"@type":"ImageObject","inLanguage":"fr-FR","@id":"https:\/\/evenements.infopro-digital.com\/lemoniteur\/actu-formations\/2023\/04\/14\/replay-webinaire-decarbonation-du-batiment-a-lhorizon-2050-osons-et-imaginons\/#primaryimage","url":"https:\/\/evenements.infopro-digital.com\/lemoniteur\/actu-formations\/\/app\/uploads\/sites\/2\/2023\/04\/Decarbonation.png","contentUrl":"https:\/\/evenements.infopro-digital.com\/lemoniteur\/actu-formations\/\/app\/uploads\/sites\/2\/2023\/04\/Decarbonation.png","width":2000,"height":1600},{"@type":"WebPage","@id":"https:\/\/evenements.infopro-digital.com\/lemoniteur\/actu-formations\/2023\/04\/14\/replay-webinaire-decarbonation-du-batiment-a-lhorizon-2050-osons-et-imaginons\/#webpage","url":"https:\/\/evenements.infopro-digital.com\/lemoniteur\/actu-formations\/2023\/04\/14\/replay-webinaire-decarbonation-du-batiment-a-lhorizon-2050-osons-et-imaginons\/","name":"[Replay Webinaire] D\u00e9carbonation du b\u00e2timent \u00e0 l'horizon 2050 : osons et imaginons ! - Formation Lemoniteur","isPartOf":{"@id":"https:\/\/evenements.infopro-digital.com\/lemoniteur\/actu-formations\/#website"},"primaryImageOfPage":{"@id":"https:\/\/evenements.infopro-digital.com\/lemoniteur\/actu-formations\/2023\/04\/14\/replay-webinaire-decarbonation-du-batiment-a-lhorizon-2050-osons-et-imaginons\/#primaryimage"},"datePublished":"2023-04-14T13:56:50+00:00","dateModified":"2025-07-02T12:13:30+00:00","author":{"@id":"https:\/\/evenements.infopro-digital.com\/lemoniteur\/actu-formations\/#\/schema\/person\/1ffef77d98dda08f03b0c86efc71ab7f"},"description":"Appr\u00e9hender le montage de projet en BRS - Replay Webinaire du 15 novembre 2022","breadcrumb":{"@id":"https:\/\/evenements.infopro-digital.com\/lemoniteur\/actu-formations\/2023\/04\/14\/replay-webinaire-decarbonation-du-batiment-a-lhorizon-2050-osons-et-imaginons\/#breadcrumb"},"inLanguage":"fr-FR","potentialAction":[{"@type":"ReadAction","target":["https:\/\/evenements.infopro-digital.com\/lemoniteur\/actu-formations\/2023\/04\/14\/replay-webinaire-decarbonation-du-batiment-a-lhorizon-2050-osons-et-imaginons\/"]}]},{"@type":"BreadcrumbList","@id":"https:\/\/evenements.infopro-digital.com\/lemoniteur\/actu-formations\/2023\/04\/14\/replay-webinaire-decarbonation-du-batiment-a-lhorizon-2050-osons-et-imaginons\/#breadcrumb","itemListElement":[{"@type":"ListItem","position":1,"name":"Accueil","item":"https:\/\/evenements.infopro-digital.com\/lemoniteur\/actu-formations\/"},{"@type":"ListItem","position":2,"name":"[Replay Webinaire] D\u00e9carbonation du b\u00e2timent \u00e0 l&rsquo;horizon 2050 : osons et imaginons !"}]},{"@type":"Person","@id":"https:\/\/evenements.infopro-digital.com\/lemoniteur\/actu-formations\/#\/schema\/person\/1ffef77d98dda08f03b0c86efc71ab7f","name":"dgatera","url":"https:\/\/evenements.infopro-digital.com\/lemoniteur\/actu-formations\/author\/dgatera\/"}]}},"_links":{"self":[{"href":"https:\/\/evenements.infopro-digital.com\/lemoniteur\/actu-formations\/wp-json\/wp\/v2\/posts\/706"}],"collection":[{"href":"https:\/\/evenements.infopro-digital.com\/lemoniteur\/actu-formations\/wp-json\/wp\/v2\/posts"}],"about":[{"href":"https:\/\/evenements.infopro-digital.com\/lemoniteur\/actu-formations\/wp-json\/wp\/v2\/types\/post"}],"author":[{"embeddable":true,"href":"https:\/\/evenements.infopro-digital.com\/lemoniteur\/actu-formations\/wp-json\/wp\/v2\/users\/7"}],"replies":[{"embeddable":true,"href":"https:\/\/evenements.infopro-digital.com\/lemoniteur\/actu-formations\/wp-json\/wp\/v2\/comments?post=706"}],"version-history":[{"count":7,"href":"https:\/\/evenements.infopro-digital.com\/lemoniteur\/actu-formations\/wp-json\/wp\/v2\/posts\/706\/revisions"}],"predecessor-version":[{"id":1092,"href":"https:\/\/evenements.infopro-digital.com\/lemoniteur\/actu-formations\/wp-json\/wp\/v2\/posts\/706\/revisions\/1092"}],"wp:featuredmedia":[{"embeddable":true,"href":"https:\/\/evenements.infopro-digital.com\/lemoniteur\/actu-formations\/wp-json\/wp\/v2\/media\/710"}],"wp:attachment":[{"href":"https:\/\/evenements.infopro-digital.com\/lemoniteur\/actu-formations\/wp-json\/wp\/v2\/media?parent=706"}],"wp:term":[{"taxonomy":"category","embeddable":true,"href":"https:\/\/evenements.infopro-digital.com\/lemoniteur\/actu-formations\/wp-json\/wp\/v2\/categories?post=706"},{"taxonomy":"post_tag","embeddable":true,"href":"https:\/\/evenements.infopro-digital.com\/lemoniteur\/actu-formations\/wp-json\/wp\/v2\/tags?post=706"}],"curies":[{"name":"wp","href":"https:\/\/api.w.org\/{rel}","templated":true}]}}