{"id":506,"date":"2022-03-25T14:49:00","date_gmt":"2022-03-25T13:49:00","guid":{"rendered":"https:\/\/evenements.infopro-digital.com\/lemoniteur\/actu-formations\/?p=506"},"modified":"2025-07-02T14:13:56","modified_gmt":"2025-07-02T12:13:56","slug":"retour-sur-notre-evenement-formateurs-%f0%9d%90%84%f0%9d%90%ac%f0%9d%90%a9%f0%9d%90%9a%f0%9d%90%9c%f0%9d%90%9e-%f0%9d%90%81%f0%9d%90%92%f0%9d%90%80","status":"publish","type":"post","link":"https:\/\/evenements.infopro-digital.com\/lemoniteur\/actu-formations\/2022\/03\/25\/retour-sur-notre-evenement-formateurs-%f0%9d%90%84%f0%9d%90%ac%f0%9d%90%a9%f0%9d%90%9a%f0%9d%90%9c%f0%9d%90%9e-%f0%9d%90%81%f0%9d%90%92%f0%9d%90%80\/","title":{"rendered":"[Ev\u00e8nement] Retour sur notre soir\u00e9e Formateurs"},"content":{"rendered":"<div  class=\"strate alignfull has-background-color-opacity-100\" style=\" background-position: 50% 50%;\"><div class=\"centrage\">\n<hr class=\"separator separator--center separator--line has-white-separator-color separator--thickness-10 separator--md\"\/>\n\n\n<p class=\"has-medium-font-size\">Nous nous sommes r\u00e9unis avec nos formateurs, \u00e0 l\u2019Espace BSA, jeudi 24 mars 2022, pour une <strong>soir\u00e9e conviviale tourn\u00e9e autour de l\u2019am\u00e9lioration continue de nos services.<\/strong><\/p>\n\n\n<hr class=\"separator separator--center separator--line has-white-separator-color separator--thickness-10 separator--md\"\/>\n\n<section style=\"\" class=\"media-text       media-text--img-30  media-text--content-align-vertical-middle media-text--media-align-vertical-middle   media-text--img-cover\" ><div class=\"centrage media-text__layout\"><figure class=\"media-text__media\" style=\"background-image: url(https:\/\/evenements.infopro-digital.com\/lemoniteur\/actu-formations\/\/app\/uploads\/sites\/2\/2022\/05\/PHOTO.jpg); background-position: 81% 53%; \"><img loading=\"lazy\" src=\"https:\/\/evenements.infopro-digital.com\/lemoniteur\/actu-formations\/\/app\/uploads\/sites\/2\/2022\/05\/PHOTO.jpg\" width=\"1000\" height=\"1333\" alt=\"\" style=\"\" \/><\/figure><div class=\"media-text__content\">\n\n<p class=\"has-medium-font-size\">Notre \u00e9quipe s\u2019est adress\u00e9e aux formateurs, lors d\u2019une <strong>pl\u00e9ni\u00e8re<\/strong>, sur les grandes tendances de la formation&nbsp;:<br><br>Manon Rossetti, Directrice g\u00e9n\u00e9rale d\u00e9l\u00e9gu\u00e9e &#8211; Groupe Infopro Digital,&nbsp;a introduit la marque Le Moniteur ainsi que son environnement.<br><br>Solenn Magny, Directrice des offres- Le Moniteur Formations,&nbsp;est revenue sur l\u2019\u00e9volution du contenu de nos formations.<br><br>H\u00e9l\u00e8ne Ribeiro, Directrice commercial \u2013 Le Moniteur Formations,&nbsp;a abord\u00e9 le d\u00e9veloppement de la structure de notre offre : vers une digitalisation de nos services.<br><br>B\u00e9n\u00e9dicte Bailleul, Directrice des formations \u2013 Le Moniteur Formations, a, quant \u00e0 elle, \u00e9voqu\u00e9 la qualit\u00e9 ainsi que la satisfaction client au travers de notre certification Qualiopi.<\/p>\n\n<\/div><\/div><\/section>\n\n<hr class=\"separator separator--center separator--line has-white-separator-color separator--thickness-10 separator--md\"\/>\n\n<section style=\"\" class=\"media-text       media-text--img-20  media-text--content-align-vertical-middle media-text--media-align-vertical-middle  media-text--img-right media-text--img-contain\" ><div class=\"centrage media-text__layout\"><figure class=\"media-text__media\"><img loading=\"lazy\" src=\"https:\/\/evenements.infopro-digital.com\/lemoniteur\/actu-formations\/\/app\/uploads\/sites\/2\/2022\/05\/Interview.png\" width=\"457\" height=\"623\" alt=\"\" style=\"\" \/><\/figure><div class=\"media-text__content\">\n\n<p class=\"has-medium-font-size\">Un ?????? ????????? a \u00e9t\u00e9 mis en place afin de recueillir des t\u00e9moignages de formateurs vis-\u00e0-vis de leurs exp\u00e9riences ainsi que des enjeux et actualit\u00e9s du secteur du B\u00e2timent et des Travaux Publics.<\/p>\n\n<\/div><\/div><\/section>\n<\/div><\/div>","protected":false},"excerpt":{"rendered":"","protected":false},"author":4,"featured_media":508,"comment_status":"closed","ping_status":"open","sticky":false,"template":"","format":"standard","meta":{"custom_priority":""},"categories":[5],"tags":[],"yoast_head":"<!-- This site is optimized with the Yoast SEO plugin v18.9 - https:\/\/yoast.com\/wordpress\/plugins\/seo\/ -->\n<title>[Ev\u00e8nement] Retour sur notre soir\u00e9e Formateurs - Formation Lemoniteur<\/title>\n<meta name=\"robots\" content=\"index, follow, max-snippet:-1, max-image-preview:large, max-video-preview:-1\" \/>\n<link rel=\"canonical\" href=\"https:\/\/evenements.infopro-digital.com\/lemoniteur\/actu-formations\/2022\/03\/25\/retour-sur-notre-evenement-formateurs-\ud835\udc04\ud835\udc2c\ud835\udc29\ud835\udc1a\ud835\udc1c\ud835\udc1e-\ud835\udc01\ud835\udc12\ud835\udc00\/\" \/>\n<meta property=\"og:locale\" content=\"fr_FR\" \/>\n<meta property=\"og:type\" content=\"article\" \/>\n<meta property=\"og:title\" content=\"[Ev\u00e8nement] Retour sur notre soir\u00e9e Formateurs - Formation Lemoniteur\" \/>\n<meta property=\"og:url\" content=\"https:\/\/evenements.infopro-digital.com\/lemoniteur\/actu-formations\/2022\/03\/25\/retour-sur-notre-evenement-formateurs-\ud835\udc04\ud835\udc2c\ud835\udc29\ud835\udc1a\ud835\udc1c\ud835\udc1e-\ud835\udc01\ud835\udc12\ud835\udc00\/\" \/>\n<meta property=\"og:site_name\" content=\"Formation Lemoniteur\" \/>\n<meta property=\"article:published_time\" content=\"2022-03-25T13:49:00+00:00\" \/>\n<meta property=\"article:modified_time\" content=\"2025-07-02T12:13:56+00:00\" \/>\n<meta property=\"og:image\" content=\"https:\/\/evenements.infopro-digital.com\/lemoniteur\/actu-formations\/\/app\/uploads\/sites\/2\/2022\/05\/Interview.png\" \/>\n\t<meta property=\"og:image:width\" content=\"457\" \/>\n\t<meta property=\"og:image:height\" content=\"623\" \/>\n\t<meta property=\"og:image:type\" content=\"image\/png\" \/>\n<meta name=\"twitter:card\" content=\"summary_large_image\" \/>\n<meta name=\"twitter:label1\" content=\"Written by\" \/>\n\t<meta name=\"twitter:data1\" content=\"elenclud\" \/>\n\t<meta name=\"twitter:label2\" content=\"Est. reading time\" \/>\n\t<meta name=\"twitter:data2\" content=\"1 minute\" \/>\n<script type=\"application\/ld+json\" class=\"yoast-schema-graph\">{\"@context\":\"https:\/\/schema.org\",\"@graph\":[{\"@type\":\"WebSite\",\"@id\":\"https:\/\/evenements.infopro-digital.com\/lemoniteur\/actu-formations\/#website\",\"url\":\"https:\/\/evenements.infopro-digital.com\/lemoniteur\/actu-formations\/\",\"name\":\"Formation Lemoniteur\",\"description\":\"Un site utilisant Les sites de Formation argus\",\"potentialAction\":[{\"@type\":\"SearchAction\",\"target\":{\"@type\":\"EntryPoint\",\"urlTemplate\":\"https:\/\/evenements.infopro-digital.com\/lemoniteur\/actu-formations\/?s={search_term_string}\"},\"query-input\":\"required name=search_term_string\"}],\"inLanguage\":\"fr-FR\"},{\"@type\":\"ImageObject\",\"inLanguage\":\"fr-FR\",\"@id\":\"https:\/\/evenements.infopro-digital.com\/lemoniteur\/actu-formations\/2022\/03\/25\/retour-sur-notre-evenement-formateurs-%f0%9d%90%84%f0%9d%90%ac%f0%9d%90%a9%f0%9d%90%9a%f0%9d%90%9c%f0%9d%90%9e-%f0%9d%90%81%f0%9d%90%92%f0%9d%90%80\/#primaryimage\",\"url\":\"https:\/\/evenements.infopro-digital.com\/lemoniteur\/actu-formations\/\/app\/uploads\/sites\/2\/2022\/05\/Interview.png\",\"contentUrl\":\"https:\/\/evenements.infopro-digital.com\/lemoniteur\/actu-formations\/\/app\/uploads\/sites\/2\/2022\/05\/Interview.png\",\"width\":457,\"height\":623},{\"@type\":\"WebPage\",\"@id\":\"https:\/\/evenements.infopro-digital.com\/lemoniteur\/actu-formations\/2022\/03\/25\/retour-sur-notre-evenement-formateurs-%f0%9d%90%84%f0%9d%90%ac%f0%9d%90%a9%f0%9d%90%9a%f0%9d%90%9c%f0%9d%90%9e-%f0%9d%90%81%f0%9d%90%92%f0%9d%90%80\/#webpage\",\"url\":\"https:\/\/evenements.infopro-digital.com\/lemoniteur\/actu-formations\/2022\/03\/25\/retour-sur-notre-evenement-formateurs-%f0%9d%90%84%f0%9d%90%ac%f0%9d%90%a9%f0%9d%90%9a%f0%9d%90%9c%f0%9d%90%9e-%f0%9d%90%81%f0%9d%90%92%f0%9d%90%80\/\",\"name\":\"[Ev\u00e8nement] Retour sur notre soir\u00e9e Formateurs - Formation Lemoniteur\",\"isPartOf\":{\"@id\":\"https:\/\/evenements.infopro-digital.com\/lemoniteur\/actu-formations\/#website\"},\"primaryImageOfPage\":{\"@id\":\"https:\/\/evenements.infopro-digital.com\/lemoniteur\/actu-formations\/2022\/03\/25\/retour-sur-notre-evenement-formateurs-%f0%9d%90%84%f0%9d%90%ac%f0%9d%90%a9%f0%9d%90%9a%f0%9d%90%9c%f0%9d%90%9e-%f0%9d%90%81%f0%9d%90%92%f0%9d%90%80\/#primaryimage\"},\"datePublished\":\"2022-03-25T13:49:00+00:00\",\"dateModified\":\"2025-07-02T12:13:56+00:00\",\"author\":{\"@id\":\"https:\/\/evenements.infopro-digital.com\/lemoniteur\/actu-formations\/#\/schema\/person\/5d0acea83cb62edf9fe8c48e050639df\"},\"breadcrumb\":{\"@id\":\"https:\/\/evenements.infopro-digital.com\/lemoniteur\/actu-formations\/2022\/03\/25\/retour-sur-notre-evenement-formateurs-%f0%9d%90%84%f0%9d%90%ac%f0%9d%90%a9%f0%9d%90%9a%f0%9d%90%9c%f0%9d%90%9e-%f0%9d%90%81%f0%9d%90%92%f0%9d%90%80\/#breadcrumb\"},\"inLanguage\":\"fr-FR\",\"potentialAction\":[{\"@type\":\"ReadAction\",\"target\":[\"https:\/\/evenements.infopro-digital.com\/lemoniteur\/actu-formations\/2022\/03\/25\/retour-sur-notre-evenement-formateurs-%f0%9d%90%84%f0%9d%90%ac%f0%9d%90%a9%f0%9d%90%9a%f0%9d%90%9c%f0%9d%90%9e-%f0%9d%90%81%f0%9d%90%92%f0%9d%90%80\/\"]}]},{\"@type\":\"BreadcrumbList\",\"@id\":\"https:\/\/evenements.infopro-digital.com\/lemoniteur\/actu-formations\/2022\/03\/25\/retour-sur-notre-evenement-formateurs-%f0%9d%90%84%f0%9d%90%ac%f0%9d%90%a9%f0%9d%90%9a%f0%9d%90%9c%f0%9d%90%9e-%f0%9d%90%81%f0%9d%90%92%f0%9d%90%80\/#breadcrumb\",\"itemListElement\":[{\"@type\":\"ListItem\",\"position\":1,\"name\":\"Accueil\",\"item\":\"https:\/\/evenements.infopro-digital.com\/lemoniteur\/actu-formations\/\"},{\"@type\":\"ListItem\",\"position\":2,\"name\":\"[Ev\u00e8nement] Retour sur notre soir\u00e9e Formateurs\"}]},{\"@type\":\"Person\",\"@id\":\"https:\/\/evenements.infopro-digital.com\/lemoniteur\/actu-formations\/#\/schema\/person\/5d0acea83cb62edf9fe8c48e050639df\",\"name\":\"elenclud\",\"url\":\"https:\/\/evenements.infopro-digital.com\/lemoniteur\/actu-formations\/author\/elenclud\/\"}]}<\/script>\n<!-- \/ Yoast SEO plugin. -->","yoast_head_json":{"title":"[Ev\u00e8nement] Retour sur notre soir\u00e9e Formateurs - Formation Lemoniteur","robots":{"index":"index","follow":"follow","max-snippet":"max-snippet:-1","max-image-preview":"max-image-preview:large","max-video-preview":"max-video-preview:-1"},"canonical":"https:\/\/evenements.infopro-digital.com\/lemoniteur\/actu-formations\/2022\/03\/25\/retour-sur-notre-evenement-formateurs-\ud835\udc04\ud835\udc2c\ud835\udc29\ud835\udc1a\ud835\udc1c\ud835\udc1e-\ud835\udc01\ud835\udc12\ud835\udc00\/","og_locale":"fr_FR","og_type":"article","og_title":"[Ev\u00e8nement] Retour sur notre soir\u00e9e Formateurs - Formation Lemoniteur","og_url":"https:\/\/evenements.infopro-digital.com\/lemoniteur\/actu-formations\/2022\/03\/25\/retour-sur-notre-evenement-formateurs-\ud835\udc04\ud835\udc2c\ud835\udc29\ud835\udc1a\ud835\udc1c\ud835\udc1e-\ud835\udc01\ud835\udc12\ud835\udc00\/","og_site_name":"Formation Lemoniteur","article_published_time":"2022-03-25T13:49:00+00:00","article_modified_time":"2025-07-02T12:13:56+00:00","og_image":[{"width":457,"height":623,"url":"https:\/\/evenements.infopro-digital.com\/lemoniteur\/actu-formations\/\/app\/uploads\/sites\/2\/2022\/05\/Interview.png","type":"image\/png"}],"twitter_card":"summary_large_image","twitter_misc":{"Written by":"elenclud","Est. reading time":"1 minute"},"schema":{"@context":"https:\/\/schema.org","@graph":[{"@type":"WebSite","@id":"https:\/\/evenements.infopro-digital.com\/lemoniteur\/actu-formations\/#website","url":"https:\/\/evenements.infopro-digital.com\/lemoniteur\/actu-formations\/","name":"Formation Lemoniteur","description":"Un site utilisant Les sites de Formation argus","potentialAction":[{"@type":"SearchAction","target":{"@type":"EntryPoint","urlTemplate":"https:\/\/evenements.infopro-digital.com\/lemoniteur\/actu-formations\/?s={search_term_string}"},"query-input":"required name=search_term_string"}],"inLanguage":"fr-FR"},{"@type":"ImageObject","inLanguage":"fr-FR","@id":"https:\/\/evenements.infopro-digital.com\/lemoniteur\/actu-formations\/2022\/03\/25\/retour-sur-notre-evenement-formateurs-%f0%9d%90%84%f0%9d%90%ac%f0%9d%90%a9%f0%9d%90%9a%f0%9d%90%9c%f0%9d%90%9e-%f0%9d%90%81%f0%9d%90%92%f0%9d%90%80\/#primaryimage","url":"https:\/\/evenements.infopro-digital.com\/lemoniteur\/actu-formations\/\/app\/uploads\/sites\/2\/2022\/05\/Interview.png","contentUrl":"https:\/\/evenements.infopro-digital.com\/lemoniteur\/actu-formations\/\/app\/uploads\/sites\/2\/2022\/05\/Interview.png","width":457,"height":623},{"@type":"WebPage","@id":"https:\/\/evenements.infopro-digital.com\/lemoniteur\/actu-formations\/2022\/03\/25\/retour-sur-notre-evenement-formateurs-%f0%9d%90%84%f0%9d%90%ac%f0%9d%90%a9%f0%9d%90%9a%f0%9d%90%9c%f0%9d%90%9e-%f0%9d%90%81%f0%9d%90%92%f0%9d%90%80\/#webpage","url":"https:\/\/evenements.infopro-digital.com\/lemoniteur\/actu-formations\/2022\/03\/25\/retour-sur-notre-evenement-formateurs-%f0%9d%90%84%f0%9d%90%ac%f0%9d%90%a9%f0%9d%90%9a%f0%9d%90%9c%f0%9d%90%9e-%f0%9d%90%81%f0%9d%90%92%f0%9d%90%80\/","name":"[Ev\u00e8nement] Retour sur notre soir\u00e9e Formateurs - Formation Lemoniteur","isPartOf":{"@id":"https:\/\/evenements.infopro-digital.com\/lemoniteur\/actu-formations\/#website"},"primaryImageOfPage":{"@id":"https:\/\/evenements.infopro-digital.com\/lemoniteur\/actu-formations\/2022\/03\/25\/retour-sur-notre-evenement-formateurs-%f0%9d%90%84%f0%9d%90%ac%f0%9d%90%a9%f0%9d%90%9a%f0%9d%90%9c%f0%9d%90%9e-%f0%9d%90%81%f0%9d%90%92%f0%9d%90%80\/#primaryimage"},"datePublished":"2022-03-25T13:49:00+00:00","dateModified":"2025-07-02T12:13:56+00:00","author":{"@id":"https:\/\/evenements.infopro-digital.com\/lemoniteur\/actu-formations\/#\/schema\/person\/5d0acea83cb62edf9fe8c48e050639df"},"breadcrumb":{"@id":"https:\/\/evenements.infopro-digital.com\/lemoniteur\/actu-formations\/2022\/03\/25\/retour-sur-notre-evenement-formateurs-%f0%9d%90%84%f0%9d%90%ac%f0%9d%90%a9%f0%9d%90%9a%f0%9d%90%9c%f0%9d%90%9e-%f0%9d%90%81%f0%9d%90%92%f0%9d%90%80\/#breadcrumb"},"inLanguage":"fr-FR","potentialAction":[{"@type":"ReadAction","target":["https:\/\/evenements.infopro-digital.com\/lemoniteur\/actu-formations\/2022\/03\/25\/retour-sur-notre-evenement-formateurs-%f0%9d%90%84%f0%9d%90%ac%f0%9d%90%a9%f0%9d%90%9a%f0%9d%90%9c%f0%9d%90%9e-%f0%9d%90%81%f0%9d%90%92%f0%9d%90%80\/"]}]},{"@type":"BreadcrumbList","@id":"https:\/\/evenements.infopro-digital.com\/lemoniteur\/actu-formations\/2022\/03\/25\/retour-sur-notre-evenement-formateurs-%f0%9d%90%84%f0%9d%90%ac%f0%9d%90%a9%f0%9d%90%9a%f0%9d%90%9c%f0%9d%90%9e-%f0%9d%90%81%f0%9d%90%92%f0%9d%90%80\/#breadcrumb","itemListElement":[{"@type":"ListItem","position":1,"name":"Accueil","item":"https:\/\/evenements.infopro-digital.com\/lemoniteur\/actu-formations\/"},{"@type":"ListItem","position":2,"name":"[Ev\u00e8nement] Retour sur notre soir\u00e9e Formateurs"}]},{"@type":"Person","@id":"https:\/\/evenements.infopro-digital.com\/lemoniteur\/actu-formations\/#\/schema\/person\/5d0acea83cb62edf9fe8c48e050639df","name":"elenclud","url":"https:\/\/evenements.infopro-digital.com\/lemoniteur\/actu-formations\/author\/elenclud\/"}]}},"_links":{"self":[{"href":"https:\/\/evenements.infopro-digital.com\/lemoniteur\/actu-formations\/wp-json\/wp\/v2\/posts\/506"}],"collection":[{"href":"https:\/\/evenements.infopro-digital.com\/lemoniteur\/actu-formations\/wp-json\/wp\/v2\/posts"}],"about":[{"href":"https:\/\/evenements.infopro-digital.com\/lemoniteur\/actu-formations\/wp-json\/wp\/v2\/types\/post"}],"author":[{"embeddable":true,"href":"https:\/\/evenements.infopro-digital.com\/lemoniteur\/actu-formations\/wp-json\/wp\/v2\/users\/4"}],"replies":[{"embeddable":true,"href":"https:\/\/evenements.infopro-digital.com\/lemoniteur\/actu-formations\/wp-json\/wp\/v2\/comments?post=506"}],"version-history":[{"count":3,"href":"https:\/\/evenements.infopro-digital.com\/lemoniteur\/actu-formations\/wp-json\/wp\/v2\/posts\/506\/revisions"}],"predecessor-version":[{"id":563,"href":"https:\/\/evenements.infopro-digital.com\/lemoniteur\/actu-formations\/wp-json\/wp\/v2\/posts\/506\/revisions\/563"}],"wp:featuredmedia":[{"embeddable":true,"href":"https:\/\/evenements.infopro-digital.com\/lemoniteur\/actu-formations\/wp-json\/wp\/v2\/media\/508"}],"wp:attachment":[{"href":"https:\/\/evenements.infopro-digital.com\/lemoniteur\/actu-formations\/wp-json\/wp\/v2\/media?parent=506"}],"wp:term":[{"taxonomy":"category","embeddable":true,"href":"https:\/\/evenements.infopro-digital.com\/lemoniteur\/actu-formations\/wp-json\/wp\/v2\/categories?post=506"},{"taxonomy":"post_tag","embeddable":true,"href":"https:\/\/evenements.infopro-digital.com\/lemoniteur\/actu-formations\/wp-json\/wp\/v2\/tags?post=506"}],"curies":[{"name":"wp","href":"https:\/\/api.w.org\/{rel}","templated":true}]}}