{"id":921,"date":"2024-07-08T09:24:48","date_gmt":"2024-07-08T07:24:48","guid":{"rendered":"https:\/\/evenements.infopro-digital.com\/gazette-des-communes\/actu-formations\/?p=921"},"modified":"2024-10-01T15:53:22","modified_gmt":"2024-10-01T13:53:22","slug":"replay-webinaire-actualite-juridique-territoriale-ce-quil-ne-fallait-pas-manquer-au-premier-semestre","status":"publish","type":"post","link":"https:\/\/evenements.infopro-digital.com\/gazette-des-communes\/actu-formations\/2024\/07\/08\/replay-webinaire-actualite-juridique-territoriale-ce-quil-ne-fallait-pas-manquer-au-premier-semestre\/","title":{"rendered":"[Replay webinaire] Actualit\u00e9 juridique territoriale : ce qu&rsquo;il ne fallait pas manquer au premier semestre !"},"content":{"rendered":"\n<p>Replay du webinaire du 5 juillet 2024<\/p>\n\n\n<div  class=\"strate alignfull has-background-color-opacity-100\" style=\" background-position: 50% 50%;\"><div class=\"centrage\">\n\n<div class=\"has-2-columns wp-block-columns\">\n<div class=\" wp-block-column\">\n<figure class=\"wp-block-embed-youtube wp-block-embed is-type-video is-provider-youtube wp-embed-aspect-4-3 wp-has-aspect-ratio wp-embed-aspect-16-9\"><div class=\"wp-block-embed__wrapper\">\n<iframe loading=\"lazy\" title=\"Webinaire :  Actualit\u00e9 juridique territoriale, ce qu&#039;il ne fallait pas manquer au premier semestre !\" width=\"500\" height=\"281\" src=\"https:\/\/www.youtube-nocookie.com\/embed\/d4XSc1cJaHU?feature=oembed\" frameborder=\"0\" allow=\"accelerometer; autoplay; clipboard-write; encrypted-media; gyroscope; picture-in-picture; web-share\" referrerpolicy=\"strict-origin-when-cross-origin\" allowfullscreen><\/iframe>\n<\/div><\/figure>\n\n\n\n<p><strong><a href=\"https:\/\/evenements.infopro-digital.com\/gazette-des-communes\/actu-formations\/\/app\/uploads\/sites\/3\/2024\/07\/Webinaire-dactualite-1er-semestre-2024-VD.pdf\" target=\"_blank\" rel=\"noreferrer noopener\">T\u00e9l\u00e9charger le support<\/a><\/strong><\/p>\n<\/div>\n\n\n\n<div class=\" wp-block-column\">\n<p>L\u2019actualit\u00e9 juridique territoriale a \u00e9t\u00e9 riche au premier semestre, marquant un certain nombre de changements majeurs pour les collectivit\u00e9s.<\/p>\n\n\n\n<p>Pour esquisser pour un panorama complet de ces \u00e9volutions, le cabinet Adaltys est notamment revenu sur les th\u00e9matiques suivantes :<\/p>\n\n\n\n<p>\u2022&nbsp;&nbsp;&nbsp;&nbsp;&nbsp;&nbsp;&nbsp;&nbsp;&nbsp;&nbsp;&nbsp; Urbanisme &amp; Am\u00e9nagement : Jean-Marc PETIT<\/p>\n\n\n\n<p>\u2022&nbsp;&nbsp;&nbsp;&nbsp;&nbsp;&nbsp;&nbsp;&nbsp;&nbsp;&nbsp;&nbsp; Ressources humaines \u2013 Jennifer RIFFARD<\/p>\n\n\n\n<p>\u2022&nbsp;&nbsp;&nbsp;&nbsp;&nbsp;&nbsp;&nbsp;&nbsp;&nbsp;&nbsp;&nbsp; Commande Publique \u2013 Gilles LE CHATELIER<\/p>\n\n\n\n<p>\u2022&nbsp;&nbsp;&nbsp;&nbsp;&nbsp;&nbsp;&nbsp;&nbsp;&nbsp;&nbsp;&nbsp; Service public &amp; Libert\u00e9s publiques \u2013 Gilles LE CHATELIER<\/p>\n\n\n\n<p>\u2022&nbsp;&nbsp;&nbsp;&nbsp;&nbsp;&nbsp;&nbsp;&nbsp;&nbsp;&nbsp;&nbsp; Institutions &amp; Intercommunalit\u00e9 \u2013 Simon REY<\/p>\n\n\n\n<p>\u2022&nbsp;&nbsp;&nbsp;&nbsp;&nbsp;&nbsp;&nbsp;&nbsp;&nbsp;&nbsp;&nbsp; Domanialit\u00e9 et immobilier \u2013 Xavier HEYMANS<\/p>\n\n\n\n<p>\u2022&nbsp;&nbsp;&nbsp;&nbsp;&nbsp;&nbsp;&nbsp;&nbsp;&nbsp;&nbsp;&nbsp; Droit p\u00e9nal &amp; Compliance \u2013 Sylvie LE DAMANY<\/p>\n\n\n\n<p><\/p>\n\n\n\n<p class=\"has-normal-font-size\"><strong><a href=\"https:\/\/evenements.infopro-digital.com\/gazette-des-communes\/formation-faire-de-l-intelligence-artificielle-un-levier-de-performance-rh-p-16957\">D\u00e9couvrez \u00e0 l&rsquo;issue de cette vid\u00e9o nos formations en gouvernance locale<\/a><\/strong><\/p>\n\n\n\n<p><\/p>\n<\/div>\n<\/div>\n\n<\/div><\/div>\n\n\n<p><\/p>\n","protected":false},"excerpt":{"rendered":"<p>(Re)visionnez le replay de notre webinaire \u00ab\u00a0Actualit\u00e9 juridique territoriale\u00a0\u00bb du 5 juillet 2024<\/p>\n","protected":false},"author":9,"featured_media":925,"comment_status":"open","ping_status":"open","sticky":false,"template":"","format":"standard","meta":{"custom_priority":""},"categories":[1],"tags":[],"yoast_head":"<!-- This site is optimized with the Yoast SEO plugin v18.9 - https:\/\/yoast.com\/wordpress\/plugins\/seo\/ -->\n<title>[Replay webinaire] Actualit\u00e9 juridique territoriale : ce qu&#039;il ne fallait pas manquer au premier semestre ! - Formation Gazette<\/title>\n<meta name=\"description\" content=\"L\u2019Intelligence artificielle \u00e9volue vite et s\u2019invite dans l\u2019ensemble des processus de la collectivit\u00e9. Entre normalisation, industrialisation et automatisation des activit\u00e9s r\u00e9currentes, et aide \u00e0 la conduite de la strat\u00e9gie RH de la collectivit\u00e9, comment appr\u00e9hender les outils et m\u00e9thodes de l\u2019Intelligence Artificielle, en comprendre les enjeux, les apports et les risques ?\" \/>\n<meta name=\"robots\" content=\"index, follow, max-snippet:-1, max-image-preview:large, max-video-preview:-1\" \/>\n<link rel=\"canonical\" href=\"https:\/\/evenements.infopro-digital.com\/gazette-des-communes\/actu-formations\/2024\/07\/08\/replay-webinaire-actualite-juridique-territoriale-ce-quil-ne-fallait-pas-manquer-au-premier-semestre\/\" \/>\n<meta property=\"og:locale\" content=\"fr_FR\" \/>\n<meta property=\"og:type\" content=\"article\" \/>\n<meta property=\"og:title\" content=\"[Replay webinaire] Actualit\u00e9 juridique territoriale : ce qu&#039;il ne fallait pas manquer au premier semestre ! - Formation Gazette\" \/>\n<meta property=\"og:description\" content=\"L\u2019Intelligence artificielle \u00e9volue vite et s\u2019invite dans l\u2019ensemble des processus de la collectivit\u00e9. Entre normalisation, industrialisation et automatisation des activit\u00e9s r\u00e9currentes, et aide \u00e0 la conduite de la strat\u00e9gie RH de la collectivit\u00e9, comment appr\u00e9hender les outils et m\u00e9thodes de l\u2019Intelligence Artificielle, en comprendre les enjeux, les apports et les risques ?\" \/>\n<meta property=\"og:url\" content=\"https:\/\/evenements.infopro-digital.com\/gazette-des-communes\/actu-formations\/2024\/07\/08\/replay-webinaire-actualite-juridique-territoriale-ce-quil-ne-fallait-pas-manquer-au-premier-semestre\/\" \/>\n<meta property=\"og:site_name\" content=\"Formation Gazette\" \/>\n<meta property=\"article:published_time\" content=\"2024-07-08T07:24:48+00:00\" \/>\n<meta property=\"article:modified_time\" content=\"2024-10-01T13:53:22+00:00\" \/>\n<meta property=\"og:image\" content=\"https:\/\/evenements.infopro-digital.com\/gazette-des-communes\/actu-formations\/\/app\/uploads\/sites\/3\/2024\/07\/Capture.jpg\" \/>\n\t<meta property=\"og:image:width\" content=\"1575\" \/>\n\t<meta property=\"og:image:height\" content=\"688\" \/>\n\t<meta property=\"og:image:type\" content=\"image\/jpeg\" \/>\n<meta name=\"twitter:card\" content=\"summary_large_image\" \/>\n<meta name=\"twitter:label1\" content=\"Written by\" \/>\n\t<meta name=\"twitter:data1\" content=\"bornachot\" \/>\n\t<meta name=\"twitter:label2\" content=\"Est. reading time\" \/>\n\t<meta name=\"twitter:data2\" content=\"1 minute\" \/>\n<script type=\"application\/ld+json\" class=\"yoast-schema-graph\">{\"@context\":\"https:\/\/schema.org\",\"@graph\":[{\"@type\":\"WebSite\",\"@id\":\"https:\/\/evenements.infopro-digital.com\/gazette-des-communes\/actu-formations\/#website\",\"url\":\"https:\/\/evenements.infopro-digital.com\/gazette-des-communes\/actu-formations\/\",\"name\":\"Formation Gazette\",\"description\":\"Un site utilisant Les sites de Formation argus\",\"potentialAction\":[{\"@type\":\"SearchAction\",\"target\":{\"@type\":\"EntryPoint\",\"urlTemplate\":\"https:\/\/evenements.infopro-digital.com\/gazette-des-communes\/actu-formations\/?s={search_term_string}\"},\"query-input\":\"required name=search_term_string\"}],\"inLanguage\":\"fr-FR\"},{\"@type\":\"ImageObject\",\"inLanguage\":\"fr-FR\",\"@id\":\"https:\/\/evenements.infopro-digital.com\/gazette-des-communes\/actu-formations\/2024\/07\/08\/replay-webinaire-actualite-juridique-territoriale-ce-quil-ne-fallait-pas-manquer-au-premier-semestre\/#primaryimage\",\"url\":\"https:\/\/evenements.infopro-digital.com\/gazette-des-communes\/actu-formations\/\/app\/uploads\/sites\/3\/2024\/07\/Capture.jpg\",\"contentUrl\":\"https:\/\/evenements.infopro-digital.com\/gazette-des-communes\/actu-formations\/\/app\/uploads\/sites\/3\/2024\/07\/Capture.jpg\",\"width\":1575,\"height\":688},{\"@type\":\"WebPage\",\"@id\":\"https:\/\/evenements.infopro-digital.com\/gazette-des-communes\/actu-formations\/2024\/07\/08\/replay-webinaire-actualite-juridique-territoriale-ce-quil-ne-fallait-pas-manquer-au-premier-semestre\/#webpage\",\"url\":\"https:\/\/evenements.infopro-digital.com\/gazette-des-communes\/actu-formations\/2024\/07\/08\/replay-webinaire-actualite-juridique-territoriale-ce-quil-ne-fallait-pas-manquer-au-premier-semestre\/\",\"name\":\"[Replay webinaire] Actualit\u00e9 juridique territoriale : ce qu'il ne fallait pas manquer au premier semestre ! - Formation Gazette\",\"isPartOf\":{\"@id\":\"https:\/\/evenements.infopro-digital.com\/gazette-des-communes\/actu-formations\/#website\"},\"primaryImageOfPage\":{\"@id\":\"https:\/\/evenements.infopro-digital.com\/gazette-des-communes\/actu-formations\/2024\/07\/08\/replay-webinaire-actualite-juridique-territoriale-ce-quil-ne-fallait-pas-manquer-au-premier-semestre\/#primaryimage\"},\"datePublished\":\"2024-07-08T07:24:48+00:00\",\"dateModified\":\"2024-10-01T13:53:22+00:00\",\"author\":{\"@id\":\"https:\/\/evenements.infopro-digital.com\/gazette-des-communes\/actu-formations\/#\/schema\/person\/1491709e8bcb611ea38509b2f483f917\"},\"description\":\"L\u2019Intelligence artificielle \u00e9volue vite et s\u2019invite dans l\u2019ensemble des processus de la collectivit\u00e9. Entre normalisation, industrialisation et automatisation des activit\u00e9s r\u00e9currentes, et aide \u00e0 la conduite de la strat\u00e9gie RH de la collectivit\u00e9, comment appr\u00e9hender les outils et m\u00e9thodes de l\u2019Intelligence Artificielle, en comprendre les enjeux, les apports et les risques ?\",\"breadcrumb\":{\"@id\":\"https:\/\/evenements.infopro-digital.com\/gazette-des-communes\/actu-formations\/2024\/07\/08\/replay-webinaire-actualite-juridique-territoriale-ce-quil-ne-fallait-pas-manquer-au-premier-semestre\/#breadcrumb\"},\"inLanguage\":\"fr-FR\",\"potentialAction\":[{\"@type\":\"ReadAction\",\"target\":[\"https:\/\/evenements.infopro-digital.com\/gazette-des-communes\/actu-formations\/2024\/07\/08\/replay-webinaire-actualite-juridique-territoriale-ce-quil-ne-fallait-pas-manquer-au-premier-semestre\/\"]}]},{\"@type\":\"BreadcrumbList\",\"@id\":\"https:\/\/evenements.infopro-digital.com\/gazette-des-communes\/actu-formations\/2024\/07\/08\/replay-webinaire-actualite-juridique-territoriale-ce-quil-ne-fallait-pas-manquer-au-premier-semestre\/#breadcrumb\",\"itemListElement\":[{\"@type\":\"ListItem\",\"position\":1,\"name\":\"Accueil\",\"item\":\"https:\/\/evenements.infopro-digital.com\/gazette-des-communes\/actu-formations\/\"},{\"@type\":\"ListItem\",\"position\":2,\"name\":\"[Replay webinaire] Actualit\u00e9 juridique territoriale : ce qu&rsquo;il ne fallait pas manquer au premier semestre !\"}]},{\"@type\":\"Person\",\"@id\":\"https:\/\/evenements.infopro-digital.com\/gazette-des-communes\/actu-formations\/#\/schema\/person\/1491709e8bcb611ea38509b2f483f917\",\"name\":\"bornachot\",\"url\":\"https:\/\/evenements.infopro-digital.com\/gazette-des-communes\/actu-formations\/author\/bornachot\/\"}]}<\/script>\n<!-- \/ Yoast SEO plugin. -->","yoast_head_json":{"title":"[Replay webinaire] Actualit\u00e9 juridique territoriale : ce qu'il ne fallait pas manquer au premier semestre ! - Formation Gazette","description":"L\u2019Intelligence artificielle \u00e9volue vite et s\u2019invite dans l\u2019ensemble des processus de la collectivit\u00e9. Entre normalisation, industrialisation et automatisation des activit\u00e9s r\u00e9currentes, et aide \u00e0 la conduite de la strat\u00e9gie RH de la collectivit\u00e9, comment appr\u00e9hender les outils et m\u00e9thodes de l\u2019Intelligence Artificielle, en comprendre les enjeux, les apports et les risques ?","robots":{"index":"index","follow":"follow","max-snippet":"max-snippet:-1","max-image-preview":"max-image-preview:large","max-video-preview":"max-video-preview:-1"},"canonical":"https:\/\/evenements.infopro-digital.com\/gazette-des-communes\/actu-formations\/2024\/07\/08\/replay-webinaire-actualite-juridique-territoriale-ce-quil-ne-fallait-pas-manquer-au-premier-semestre\/","og_locale":"fr_FR","og_type":"article","og_title":"[Replay webinaire] Actualit\u00e9 juridique territoriale : ce qu'il ne fallait pas manquer au premier semestre ! - Formation Gazette","og_description":"L\u2019Intelligence artificielle \u00e9volue vite et s\u2019invite dans l\u2019ensemble des processus de la collectivit\u00e9. Entre normalisation, industrialisation et automatisation des activit\u00e9s r\u00e9currentes, et aide \u00e0 la conduite de la strat\u00e9gie RH de la collectivit\u00e9, comment appr\u00e9hender les outils et m\u00e9thodes de l\u2019Intelligence Artificielle, en comprendre les enjeux, les apports et les risques ?","og_url":"https:\/\/evenements.infopro-digital.com\/gazette-des-communes\/actu-formations\/2024\/07\/08\/replay-webinaire-actualite-juridique-territoriale-ce-quil-ne-fallait-pas-manquer-au-premier-semestre\/","og_site_name":"Formation Gazette","article_published_time":"2024-07-08T07:24:48+00:00","article_modified_time":"2024-10-01T13:53:22+00:00","og_image":[{"width":1575,"height":688,"url":"https:\/\/evenements.infopro-digital.com\/gazette-des-communes\/actu-formations\/\/app\/uploads\/sites\/3\/2024\/07\/Capture.jpg","type":"image\/jpeg"}],"twitter_card":"summary_large_image","twitter_misc":{"Written by":"bornachot","Est. reading time":"1 minute"},"schema":{"@context":"https:\/\/schema.org","@graph":[{"@type":"WebSite","@id":"https:\/\/evenements.infopro-digital.com\/gazette-des-communes\/actu-formations\/#website","url":"https:\/\/evenements.infopro-digital.com\/gazette-des-communes\/actu-formations\/","name":"Formation Gazette","description":"Un site utilisant Les sites de Formation argus","potentialAction":[{"@type":"SearchAction","target":{"@type":"EntryPoint","urlTemplate":"https:\/\/evenements.infopro-digital.com\/gazette-des-communes\/actu-formations\/?s={search_term_string}"},"query-input":"required name=search_term_string"}],"inLanguage":"fr-FR"},{"@type":"ImageObject","inLanguage":"fr-FR","@id":"https:\/\/evenements.infopro-digital.com\/gazette-des-communes\/actu-formations\/2024\/07\/08\/replay-webinaire-actualite-juridique-territoriale-ce-quil-ne-fallait-pas-manquer-au-premier-semestre\/#primaryimage","url":"https:\/\/evenements.infopro-digital.com\/gazette-des-communes\/actu-formations\/\/app\/uploads\/sites\/3\/2024\/07\/Capture.jpg","contentUrl":"https:\/\/evenements.infopro-digital.com\/gazette-des-communes\/actu-formations\/\/app\/uploads\/sites\/3\/2024\/07\/Capture.jpg","width":1575,"height":688},{"@type":"WebPage","@id":"https:\/\/evenements.infopro-digital.com\/gazette-des-communes\/actu-formations\/2024\/07\/08\/replay-webinaire-actualite-juridique-territoriale-ce-quil-ne-fallait-pas-manquer-au-premier-semestre\/#webpage","url":"https:\/\/evenements.infopro-digital.com\/gazette-des-communes\/actu-formations\/2024\/07\/08\/replay-webinaire-actualite-juridique-territoriale-ce-quil-ne-fallait-pas-manquer-au-premier-semestre\/","name":"[Replay webinaire] Actualit\u00e9 juridique territoriale : ce qu'il ne fallait pas manquer au premier semestre ! - Formation Gazette","isPartOf":{"@id":"https:\/\/evenements.infopro-digital.com\/gazette-des-communes\/actu-formations\/#website"},"primaryImageOfPage":{"@id":"https:\/\/evenements.infopro-digital.com\/gazette-des-communes\/actu-formations\/2024\/07\/08\/replay-webinaire-actualite-juridique-territoriale-ce-quil-ne-fallait-pas-manquer-au-premier-semestre\/#primaryimage"},"datePublished":"2024-07-08T07:24:48+00:00","dateModified":"2024-10-01T13:53:22+00:00","author":{"@id":"https:\/\/evenements.infopro-digital.com\/gazette-des-communes\/actu-formations\/#\/schema\/person\/1491709e8bcb611ea38509b2f483f917"},"description":"L\u2019Intelligence artificielle \u00e9volue vite et s\u2019invite dans l\u2019ensemble des processus de la collectivit\u00e9. Entre normalisation, industrialisation et automatisation des activit\u00e9s r\u00e9currentes, et aide \u00e0 la conduite de la strat\u00e9gie RH de la collectivit\u00e9, comment appr\u00e9hender les outils et m\u00e9thodes de l\u2019Intelligence Artificielle, en comprendre les enjeux, les apports et les risques ?","breadcrumb":{"@id":"https:\/\/evenements.infopro-digital.com\/gazette-des-communes\/actu-formations\/2024\/07\/08\/replay-webinaire-actualite-juridique-territoriale-ce-quil-ne-fallait-pas-manquer-au-premier-semestre\/#breadcrumb"},"inLanguage":"fr-FR","potentialAction":[{"@type":"ReadAction","target":["https:\/\/evenements.infopro-digital.com\/gazette-des-communes\/actu-formations\/2024\/07\/08\/replay-webinaire-actualite-juridique-territoriale-ce-quil-ne-fallait-pas-manquer-au-premier-semestre\/"]}]},{"@type":"BreadcrumbList","@id":"https:\/\/evenements.infopro-digital.com\/gazette-des-communes\/actu-formations\/2024\/07\/08\/replay-webinaire-actualite-juridique-territoriale-ce-quil-ne-fallait-pas-manquer-au-premier-semestre\/#breadcrumb","itemListElement":[{"@type":"ListItem","position":1,"name":"Accueil","item":"https:\/\/evenements.infopro-digital.com\/gazette-des-communes\/actu-formations\/"},{"@type":"ListItem","position":2,"name":"[Replay webinaire] Actualit\u00e9 juridique territoriale : ce qu&rsquo;il ne fallait pas manquer au premier semestre !"}]},{"@type":"Person","@id":"https:\/\/evenements.infopro-digital.com\/gazette-des-communes\/actu-formations\/#\/schema\/person\/1491709e8bcb611ea38509b2f483f917","name":"bornachot","url":"https:\/\/evenements.infopro-digital.com\/gazette-des-communes\/actu-formations\/author\/bornachot\/"}]}},"_links":{"self":[{"href":"https:\/\/evenements.infopro-digital.com\/gazette-des-communes\/actu-formations\/wp-json\/wp\/v2\/posts\/921"}],"collection":[{"href":"https:\/\/evenements.infopro-digital.com\/gazette-des-communes\/actu-formations\/wp-json\/wp\/v2\/posts"}],"about":[{"href":"https:\/\/evenements.infopro-digital.com\/gazette-des-communes\/actu-formations\/wp-json\/wp\/v2\/types\/post"}],"author":[{"embeddable":true,"href":"https:\/\/evenements.infopro-digital.com\/gazette-des-communes\/actu-formations\/wp-json\/wp\/v2\/users\/9"}],"replies":[{"embeddable":true,"href":"https:\/\/evenements.infopro-digital.com\/gazette-des-communes\/actu-formations\/wp-json\/wp\/v2\/comments?post=921"}],"version-history":[{"count":3,"href":"https:\/\/evenements.infopro-digital.com\/gazette-des-communes\/actu-formations\/wp-json\/wp\/v2\/posts\/921\/revisions"}],"predecessor-version":[{"id":953,"href":"https:\/\/evenements.infopro-digital.com\/gazette-des-communes\/actu-formations\/wp-json\/wp\/v2\/posts\/921\/revisions\/953"}],"wp:featuredmedia":[{"embeddable":true,"href":"https:\/\/evenements.infopro-digital.com\/gazette-des-communes\/actu-formations\/wp-json\/wp\/v2\/media\/925"}],"wp:attachment":[{"href":"https:\/\/evenements.infopro-digital.com\/gazette-des-communes\/actu-formations\/wp-json\/wp\/v2\/media?parent=921"}],"wp:term":[{"taxonomy":"category","embeddable":true,"href":"https:\/\/evenements.infopro-digital.com\/gazette-des-communes\/actu-formations\/wp-json\/wp\/v2\/categories?post=921"},{"taxonomy":"post_tag","embeddable":true,"href":"https:\/\/evenements.infopro-digital.com\/gazette-des-communes\/actu-formations\/wp-json\/wp\/v2\/tags?post=921"}],"curies":[{"name":"wp","href":"https:\/\/api.w.org\/{rel}","templated":true}]}}