{"id":830,"date":"2023-11-27T16:00:05","date_gmt":"2023-11-27T15:00:05","guid":{"rendered":"https:\/\/evenements.infopro-digital.com\/gazette-des-communes\/actu-formations\/?p=830"},"modified":"2023-11-27T16:00:07","modified_gmt":"2023-11-27T15:00:07","slug":"replay-webinaire-innovation-manageriale-10-ans-apres-quen-est-il-dans-les-collectivites-27-11-2023","status":"publish","type":"post","link":"https:\/\/evenements.infopro-digital.com\/gazette-des-communes\/actu-formations\/2023\/11\/27\/replay-webinaire-innovation-manageriale-10-ans-apres-quen-est-il-dans-les-collectivites-27-11-2023\/","title":{"rendered":"[Replay webinaire] Innovation manag\u00e9riale : 10 ans apr\u00e8s, qu&rsquo;en est-il dans les collectivit\u00e9s  (27\/11\/2023)"},"content":{"rendered":"\n<p><\/p>\n\n\n<div  class=\"strate alignfull has-background-color-opacity-100\" style=\" background-position: 50% 50%;\"><div class=\"centrage\">\n\n<div class=\"has-2-columns wp-block-columns\">\n<div class=\" wp-block-column\">\n<figure class=\"wp-block-embed-youtube wp-block-embed is-type-video is-provider-youtube wp-embed-aspect-4-3 wp-has-aspect-ratio wp-embed-aspect-16-9\"><div class=\"wp-block-embed__wrapper\">\n<iframe loading=\"lazy\" title=\"Webinaire | Innovation manag\u00e9riale : 10 ans apr\u00e8s, qu&#039;en est il dans les collectivit\u00e9s (27\/11\/2023)\" width=\"500\" height=\"281\" src=\"https:\/\/www.youtube-nocookie.com\/embed\/tbzhPXUWe4M?feature=oembed\" frameborder=\"0\" allow=\"accelerometer; autoplay; clipboard-write; encrypted-media; gyroscope; picture-in-picture; web-share\" allowfullscreen><\/iframe>\n<\/div><\/figure>\n<\/div>\n\n\n\n<div class=\" wp-block-column\">\n<p>Le Mois de l&rsquo;innovation publique f\u00eate ses dix ans en ce mois de novembre 2023 : on s&rsquo;\u00e9tait donn\u00e9 rendez-vous !\u00a0<\/p>\n\n\n\n<p>La Gazette des Communes et son d\u00e9partement formations se mobilisent pour vous informer. Comment l&rsquo;innovation manag\u00e9riale a-t-elle infus\u00e9 dans les collectivit\u00e9s ?<br>A-t-elle transform\u00e9 r\u00e9ellement nos organisations et nos cultures administratives ?<br>Au-del\u00e0 de l&rsquo;effet de mode, comment les dispositifs ont-ils vieilli ?<br>Cette \u00ab\u00a0injonction \u00e0 innover\u00a0\u00bb a-t-elle r\u00e9ellement permis de surpasser les crises ?<\/p>\n\n\n\n<p>Ce sont entre autres ces questions qui sont abord\u00e9es lors d\u2019une table ronde anim\u00e9e par Gwena\u00ebl LEBLONG-MASCLET (Directeur g\u00e9n\u00e9ral adjoint de Brest M\u00e9tropole, Chaire TMAP \/ Sciences Po Rennes),&nbsp; pour un partage d\u2019exp\u00e9riences et un \u00ab\u00a0retour vers le futur\u00a0\u00bb sur 10 ans d\u2019innovation manag\u00e9riale dans les collectivit\u00e9s.<br>Il est accompagn\u00e9 en cette occasion de St\u00e9phanie BORIE, Adjointe \u00e0 la DGS de Val de Garonne Agglom\u00e9ration, Nicolas SENECHAU, DGS du Smicval (Syndicat mixte intercommunal de collecte et de valorisation du Libournais Haute-Gironde), Christophe FAVOREU (Optima \/ TBS \u00c9ducation), Professeur HDR Strat\u00e9gie et Innovation, David CARASSUS (Optima \/ IAE de Pau), Professeur des universit\u00e9s et directeur de la chaire Optima.<\/p>\n\n\n\n<p class=\"has-normal-font-size\"><strong><a href=\"https:\/\/evenements.infopro-digital.com\/gazette-des-communes\/formation-innovation-manageriale-p-6594\">D\u00e9couvrez \u00e0 l&rsquo;issue de cette vid\u00e9o notre formation <\/a><\/strong><a href=\"https:\/\/evenements.infopro-digital.com\/gazette-des-communes\/formation-innovation-manageriale-p-6594\"><strong>\u00ab\u00a0Innovation Manag\u00e9riale, <\/strong><\/a><strong><a href=\"https:\/\/evenements.infopro-digital.com\/gazette-des-communes\/formation-innovation-manageriale-p-6594\"><strong>engager ses \u00e9quipes autrement<\/strong><\/a><\/strong>\u00ab\u00a0<\/p>\n<\/div>\n<\/div>\n\n<\/div><\/div>","protected":false},"excerpt":{"rendered":"<p>(Re)visionnez le replay de notre webinaire \u00ab\u00a0Face \u00e0 la r\u00e9duction des ressources des collectivit\u00e9s, quelles solutions pour le d\u00e9cideur\u00a0\u00bb<\/p>\n","protected":false},"author":9,"featured_media":612,"comment_status":"open","ping_status":"open","sticky":false,"template":"","format":"standard","meta":{"custom_priority":""},"categories":[1],"tags":[],"yoast_head":"<!-- This site is optimized with the Yoast SEO plugin v18.9 - https:\/\/yoast.com\/wordpress\/plugins\/seo\/ -->\n<title>[Replay webinaire] Innovation manag\u00e9riale : 10 ans apr\u00e8s, qu&#039;en est-il dans les collectivit\u00e9s (27\/11\/2023) - Formation Gazette<\/title>\n<meta name=\"description\" content=\"Le d\u00e9cret publi\u00e9 au JO le 21 avril 2022 fixe les r\u00e8gles relatives \u00e0 la protection sociale des agents territoriaux. Il s\u2019agit d\u2019une participation financi\u00e8re obligatoire de la part des collectivit\u00e9s territoriales avec des garanties minimales pour les employeurs.\" \/>\n<meta name=\"robots\" content=\"index, follow, max-snippet:-1, max-image-preview:large, max-video-preview:-1\" \/>\n<link rel=\"canonical\" href=\"https:\/\/evenements.infopro-digital.com\/gazette-des-communes\/actu-formations\/2023\/11\/27\/replay-webinaire-innovation-manageriale-10-ans-apres-quen-est-il-dans-les-collectivites-27-11-2023\/\" \/>\n<meta property=\"og:locale\" content=\"fr_FR\" \/>\n<meta property=\"og:type\" content=\"article\" \/>\n<meta property=\"og:title\" content=\"[Replay webinaire] Innovation manag\u00e9riale : 10 ans apr\u00e8s, qu&#039;en est-il dans les collectivit\u00e9s (27\/11\/2023) - Formation Gazette\" \/>\n<meta property=\"og:description\" content=\"Le d\u00e9cret publi\u00e9 au JO le 21 avril 2022 fixe les r\u00e8gles relatives \u00e0 la protection sociale des agents territoriaux. Il s\u2019agit d\u2019une participation financi\u00e8re obligatoire de la part des collectivit\u00e9s territoriales avec des garanties minimales pour les employeurs.\" \/>\n<meta property=\"og:url\" content=\"https:\/\/evenements.infopro-digital.com\/gazette-des-communes\/actu-formations\/2023\/11\/27\/replay-webinaire-innovation-manageriale-10-ans-apres-quen-est-il-dans-les-collectivites-27-11-2023\/\" \/>\n<meta property=\"og:site_name\" content=\"Formation Gazette\" \/>\n<meta property=\"article:published_time\" content=\"2023-11-27T15:00:05+00:00\" \/>\n<meta property=\"article:modified_time\" content=\"2023-11-27T15:00:07+00:00\" \/>\n<meta property=\"og:image\" content=\"https:\/\/evenements.infopro-digital.com\/gazette-des-communes\/actu-formations\/\/app\/uploads\/sites\/3\/2022\/09\/Sans-titre-2022-09-23T135828.143.png\" \/>\n\t<meta property=\"og:image:width\" content=\"200\" \/>\n\t<meta property=\"og:image:height\" content=\"200\" \/>\n\t<meta property=\"og:image:type\" content=\"image\/png\" \/>\n<meta name=\"twitter:card\" content=\"summary_large_image\" \/>\n<meta name=\"twitter:label1\" content=\"Written by\" \/>\n\t<meta name=\"twitter:data1\" content=\"bornachot\" \/>\n\t<meta name=\"twitter:label2\" content=\"Est. reading time\" \/>\n\t<meta name=\"twitter:data2\" content=\"1 minute\" \/>\n<script type=\"application\/ld+json\" class=\"yoast-schema-graph\">{\"@context\":\"https:\/\/schema.org\",\"@graph\":[{\"@type\":\"WebSite\",\"@id\":\"https:\/\/evenements.infopro-digital.com\/gazette-des-communes\/actu-formations\/#website\",\"url\":\"https:\/\/evenements.infopro-digital.com\/gazette-des-communes\/actu-formations\/\",\"name\":\"Formation Gazette\",\"description\":\"Un site utilisant Les sites de Formation argus\",\"potentialAction\":[{\"@type\":\"SearchAction\",\"target\":{\"@type\":\"EntryPoint\",\"urlTemplate\":\"https:\/\/evenements.infopro-digital.com\/gazette-des-communes\/actu-formations\/?s={search_term_string}\"},\"query-input\":\"required name=search_term_string\"}],\"inLanguage\":\"fr-FR\"},{\"@type\":\"ImageObject\",\"inLanguage\":\"fr-FR\",\"@id\":\"https:\/\/evenements.infopro-digital.com\/gazette-des-communes\/actu-formations\/2023\/11\/27\/replay-webinaire-innovation-manageriale-10-ans-apres-quen-est-il-dans-les-collectivites-27-11-2023\/#primaryimage\",\"url\":\"https:\/\/evenements.infopro-digital.com\/gazette-des-communes\/actu-formations\/\/app\/uploads\/sites\/3\/2022\/09\/Sans-titre-2022-09-23T135828.143.png\",\"contentUrl\":\"https:\/\/evenements.infopro-digital.com\/gazette-des-communes\/actu-formations\/\/app\/uploads\/sites\/3\/2022\/09\/Sans-titre-2022-09-23T135828.143.png\",\"width\":200,\"height\":200},{\"@type\":\"WebPage\",\"@id\":\"https:\/\/evenements.infopro-digital.com\/gazette-des-communes\/actu-formations\/2023\/11\/27\/replay-webinaire-innovation-manageriale-10-ans-apres-quen-est-il-dans-les-collectivites-27-11-2023\/#webpage\",\"url\":\"https:\/\/evenements.infopro-digital.com\/gazette-des-communes\/actu-formations\/2023\/11\/27\/replay-webinaire-innovation-manageriale-10-ans-apres-quen-est-il-dans-les-collectivites-27-11-2023\/\",\"name\":\"[Replay webinaire] Innovation manag\u00e9riale : 10 ans apr\u00e8s, qu'en est-il dans les collectivit\u00e9s (27\/11\/2023) - Formation Gazette\",\"isPartOf\":{\"@id\":\"https:\/\/evenements.infopro-digital.com\/gazette-des-communes\/actu-formations\/#website\"},\"primaryImageOfPage\":{\"@id\":\"https:\/\/evenements.infopro-digital.com\/gazette-des-communes\/actu-formations\/2023\/11\/27\/replay-webinaire-innovation-manageriale-10-ans-apres-quen-est-il-dans-les-collectivites-27-11-2023\/#primaryimage\"},\"datePublished\":\"2023-11-27T15:00:05+00:00\",\"dateModified\":\"2023-11-27T15:00:07+00:00\",\"author\":{\"@id\":\"https:\/\/evenements.infopro-digital.com\/gazette-des-communes\/actu-formations\/#\/schema\/person\/1491709e8bcb611ea38509b2f483f917\"},\"description\":\"Le d\u00e9cret publi\u00e9 au JO le 21 avril 2022 fixe les r\u00e8gles relatives \u00e0 la protection sociale des agents territoriaux. Il s\u2019agit d\u2019une participation financi\u00e8re obligatoire de la part des collectivit\u00e9s territoriales avec des garanties minimales pour les employeurs.\",\"breadcrumb\":{\"@id\":\"https:\/\/evenements.infopro-digital.com\/gazette-des-communes\/actu-formations\/2023\/11\/27\/replay-webinaire-innovation-manageriale-10-ans-apres-quen-est-il-dans-les-collectivites-27-11-2023\/#breadcrumb\"},\"inLanguage\":\"fr-FR\",\"potentialAction\":[{\"@type\":\"ReadAction\",\"target\":[\"https:\/\/evenements.infopro-digital.com\/gazette-des-communes\/actu-formations\/2023\/11\/27\/replay-webinaire-innovation-manageriale-10-ans-apres-quen-est-il-dans-les-collectivites-27-11-2023\/\"]}]},{\"@type\":\"BreadcrumbList\",\"@id\":\"https:\/\/evenements.infopro-digital.com\/gazette-des-communes\/actu-formations\/2023\/11\/27\/replay-webinaire-innovation-manageriale-10-ans-apres-quen-est-il-dans-les-collectivites-27-11-2023\/#breadcrumb\",\"itemListElement\":[{\"@type\":\"ListItem\",\"position\":1,\"name\":\"Accueil\",\"item\":\"https:\/\/evenements.infopro-digital.com\/gazette-des-communes\/actu-formations\/\"},{\"@type\":\"ListItem\",\"position\":2,\"name\":\"[Replay webinaire] Innovation manag\u00e9riale : 10 ans apr\u00e8s, qu&rsquo;en est-il dans les collectivit\u00e9s (27\/11\/2023)\"}]},{\"@type\":\"Person\",\"@id\":\"https:\/\/evenements.infopro-digital.com\/gazette-des-communes\/actu-formations\/#\/schema\/person\/1491709e8bcb611ea38509b2f483f917\",\"name\":\"bornachot\",\"url\":\"https:\/\/evenements.infopro-digital.com\/gazette-des-communes\/actu-formations\/author\/bornachot\/\"}]}<\/script>\n<!-- \/ Yoast SEO plugin. -->","yoast_head_json":{"title":"[Replay webinaire] Innovation manag\u00e9riale : 10 ans apr\u00e8s, qu'en est-il dans les collectivit\u00e9s (27\/11\/2023) - Formation Gazette","description":"Le d\u00e9cret publi\u00e9 au JO le 21 avril 2022 fixe les r\u00e8gles relatives \u00e0 la protection sociale des agents territoriaux. Il s\u2019agit d\u2019une participation financi\u00e8re obligatoire de la part des collectivit\u00e9s territoriales avec des garanties minimales pour les employeurs.","robots":{"index":"index","follow":"follow","max-snippet":"max-snippet:-1","max-image-preview":"max-image-preview:large","max-video-preview":"max-video-preview:-1"},"canonical":"https:\/\/evenements.infopro-digital.com\/gazette-des-communes\/actu-formations\/2023\/11\/27\/replay-webinaire-innovation-manageriale-10-ans-apres-quen-est-il-dans-les-collectivites-27-11-2023\/","og_locale":"fr_FR","og_type":"article","og_title":"[Replay webinaire] Innovation manag\u00e9riale : 10 ans apr\u00e8s, qu'en est-il dans les collectivit\u00e9s (27\/11\/2023) - Formation Gazette","og_description":"Le d\u00e9cret publi\u00e9 au JO le 21 avril 2022 fixe les r\u00e8gles relatives \u00e0 la protection sociale des agents territoriaux. Il s\u2019agit d\u2019une participation financi\u00e8re obligatoire de la part des collectivit\u00e9s territoriales avec des garanties minimales pour les employeurs.","og_url":"https:\/\/evenements.infopro-digital.com\/gazette-des-communes\/actu-formations\/2023\/11\/27\/replay-webinaire-innovation-manageriale-10-ans-apres-quen-est-il-dans-les-collectivites-27-11-2023\/","og_site_name":"Formation Gazette","article_published_time":"2023-11-27T15:00:05+00:00","article_modified_time":"2023-11-27T15:00:07+00:00","og_image":[{"width":200,"height":200,"url":"https:\/\/evenements.infopro-digital.com\/gazette-des-communes\/actu-formations\/\/app\/uploads\/sites\/3\/2022\/09\/Sans-titre-2022-09-23T135828.143.png","type":"image\/png"}],"twitter_card":"summary_large_image","twitter_misc":{"Written by":"bornachot","Est. reading time":"1 minute"},"schema":{"@context":"https:\/\/schema.org","@graph":[{"@type":"WebSite","@id":"https:\/\/evenements.infopro-digital.com\/gazette-des-communes\/actu-formations\/#website","url":"https:\/\/evenements.infopro-digital.com\/gazette-des-communes\/actu-formations\/","name":"Formation Gazette","description":"Un site utilisant Les sites de Formation argus","potentialAction":[{"@type":"SearchAction","target":{"@type":"EntryPoint","urlTemplate":"https:\/\/evenements.infopro-digital.com\/gazette-des-communes\/actu-formations\/?s={search_term_string}"},"query-input":"required name=search_term_string"}],"inLanguage":"fr-FR"},{"@type":"ImageObject","inLanguage":"fr-FR","@id":"https:\/\/evenements.infopro-digital.com\/gazette-des-communes\/actu-formations\/2023\/11\/27\/replay-webinaire-innovation-manageriale-10-ans-apres-quen-est-il-dans-les-collectivites-27-11-2023\/#primaryimage","url":"https:\/\/evenements.infopro-digital.com\/gazette-des-communes\/actu-formations\/\/app\/uploads\/sites\/3\/2022\/09\/Sans-titre-2022-09-23T135828.143.png","contentUrl":"https:\/\/evenements.infopro-digital.com\/gazette-des-communes\/actu-formations\/\/app\/uploads\/sites\/3\/2022\/09\/Sans-titre-2022-09-23T135828.143.png","width":200,"height":200},{"@type":"WebPage","@id":"https:\/\/evenements.infopro-digital.com\/gazette-des-communes\/actu-formations\/2023\/11\/27\/replay-webinaire-innovation-manageriale-10-ans-apres-quen-est-il-dans-les-collectivites-27-11-2023\/#webpage","url":"https:\/\/evenements.infopro-digital.com\/gazette-des-communes\/actu-formations\/2023\/11\/27\/replay-webinaire-innovation-manageriale-10-ans-apres-quen-est-il-dans-les-collectivites-27-11-2023\/","name":"[Replay webinaire] Innovation manag\u00e9riale : 10 ans apr\u00e8s, qu'en est-il dans les collectivit\u00e9s (27\/11\/2023) - Formation Gazette","isPartOf":{"@id":"https:\/\/evenements.infopro-digital.com\/gazette-des-communes\/actu-formations\/#website"},"primaryImageOfPage":{"@id":"https:\/\/evenements.infopro-digital.com\/gazette-des-communes\/actu-formations\/2023\/11\/27\/replay-webinaire-innovation-manageriale-10-ans-apres-quen-est-il-dans-les-collectivites-27-11-2023\/#primaryimage"},"datePublished":"2023-11-27T15:00:05+00:00","dateModified":"2023-11-27T15:00:07+00:00","author":{"@id":"https:\/\/evenements.infopro-digital.com\/gazette-des-communes\/actu-formations\/#\/schema\/person\/1491709e8bcb611ea38509b2f483f917"},"description":"Le d\u00e9cret publi\u00e9 au JO le 21 avril 2022 fixe les r\u00e8gles relatives \u00e0 la protection sociale des agents territoriaux. Il s\u2019agit d\u2019une participation financi\u00e8re obligatoire de la part des collectivit\u00e9s territoriales avec des garanties minimales pour les employeurs.","breadcrumb":{"@id":"https:\/\/evenements.infopro-digital.com\/gazette-des-communes\/actu-formations\/2023\/11\/27\/replay-webinaire-innovation-manageriale-10-ans-apres-quen-est-il-dans-les-collectivites-27-11-2023\/#breadcrumb"},"inLanguage":"fr-FR","potentialAction":[{"@type":"ReadAction","target":["https:\/\/evenements.infopro-digital.com\/gazette-des-communes\/actu-formations\/2023\/11\/27\/replay-webinaire-innovation-manageriale-10-ans-apres-quen-est-il-dans-les-collectivites-27-11-2023\/"]}]},{"@type":"BreadcrumbList","@id":"https:\/\/evenements.infopro-digital.com\/gazette-des-communes\/actu-formations\/2023\/11\/27\/replay-webinaire-innovation-manageriale-10-ans-apres-quen-est-il-dans-les-collectivites-27-11-2023\/#breadcrumb","itemListElement":[{"@type":"ListItem","position":1,"name":"Accueil","item":"https:\/\/evenements.infopro-digital.com\/gazette-des-communes\/actu-formations\/"},{"@type":"ListItem","position":2,"name":"[Replay webinaire] Innovation manag\u00e9riale : 10 ans apr\u00e8s, qu&rsquo;en est-il dans les collectivit\u00e9s (27\/11\/2023)"}]},{"@type":"Person","@id":"https:\/\/evenements.infopro-digital.com\/gazette-des-communes\/actu-formations\/#\/schema\/person\/1491709e8bcb611ea38509b2f483f917","name":"bornachot","url":"https:\/\/evenements.infopro-digital.com\/gazette-des-communes\/actu-formations\/author\/bornachot\/"}]}},"_links":{"self":[{"href":"https:\/\/evenements.infopro-digital.com\/gazette-des-communes\/actu-formations\/wp-json\/wp\/v2\/posts\/830"}],"collection":[{"href":"https:\/\/evenements.infopro-digital.com\/gazette-des-communes\/actu-formations\/wp-json\/wp\/v2\/posts"}],"about":[{"href":"https:\/\/evenements.infopro-digital.com\/gazette-des-communes\/actu-formations\/wp-json\/wp\/v2\/types\/post"}],"author":[{"embeddable":true,"href":"https:\/\/evenements.infopro-digital.com\/gazette-des-communes\/actu-formations\/wp-json\/wp\/v2\/users\/9"}],"replies":[{"embeddable":true,"href":"https:\/\/evenements.infopro-digital.com\/gazette-des-communes\/actu-formations\/wp-json\/wp\/v2\/comments?post=830"}],"version-history":[{"count":1,"href":"https:\/\/evenements.infopro-digital.com\/gazette-des-communes\/actu-formations\/wp-json\/wp\/v2\/posts\/830\/revisions"}],"predecessor-version":[{"id":831,"href":"https:\/\/evenements.infopro-digital.com\/gazette-des-communes\/actu-formations\/wp-json\/wp\/v2\/posts\/830\/revisions\/831"}],"wp:featuredmedia":[{"embeddable":true,"href":"https:\/\/evenements.infopro-digital.com\/gazette-des-communes\/actu-formations\/wp-json\/wp\/v2\/media\/612"}],"wp:attachment":[{"href":"https:\/\/evenements.infopro-digital.com\/gazette-des-communes\/actu-formations\/wp-json\/wp\/v2\/media?parent=830"}],"wp:term":[{"taxonomy":"category","embeddable":true,"href":"https:\/\/evenements.infopro-digital.com\/gazette-des-communes\/actu-formations\/wp-json\/wp\/v2\/categories?post=830"},{"taxonomy":"post_tag","embeddable":true,"href":"https:\/\/evenements.infopro-digital.com\/gazette-des-communes\/actu-formations\/wp-json\/wp\/v2\/tags?post=830"}],"curies":[{"name":"wp","href":"https:\/\/api.w.org\/{rel}","templated":true}]}}