{"id":489,"date":"2022-07-21T12:22:50","date_gmt":"2022-07-21T10:22:50","guid":{"rendered":"https:\/\/evenements.infopro-digital.com\/argus\/actu-formations\/?p=489"},"modified":"2022-07-21T12:27:22","modified_gmt":"2022-07-21T10:27:22","slug":"replay-webinaire-reforme-du-courtage-ou-en-sommes-nous-06-07-22","status":"publish","type":"post","link":"https:\/\/evenements.infopro-digital.com\/argus\/actu-formations\/2022\/07\/21\/replay-webinaire-reforme-du-courtage-ou-en-sommes-nous-06-07-22\/","title":{"rendered":"[Replay webinaire] R\u00e9forme du courtage : o\u00f9 en sommes-nous ? (06\/07\/22)"},"content":{"rendered":"<div  class=\"strate alignfull has-background-color-opacity-100\" style=\" background-position: 50% 50%;\"><div class=\"centrage\">\n\n<p class=\"has-medium-font-size\">Depuis le 1er avril 2022, l&rsquo;adh\u00e9sion \u00e0 une association professionnelle agr\u00e9\u00e9e est obligatoire pour tous les professionnels qui souhaitent s&rsquo;immatriculer \u00e0 l&rsquo;ORIAS pour la premi\u00e8re fois en tant que courtier ou mandataire de courtiers. <br>Cette obligation concernera par la suite l\u2019ensemble des courtiers en assurance et en banque ainsi que leurs mandataires. <br>Les 7 associations professionnelles retenues par l\u2019ACPR sont dans les starting-blocks et avancent malgr\u00e9 le recours d\u00e9pos\u00e9 par l\u2019ANCDGP. <br><br>Que pr\u00e9voit concr\u00e8tement la r\u00e9forme du courtage au sujet des associations professionnelles ? Pourquoi ce recours interroge-t-il les professionnels ?<\/p>\n\n\n\n<p class=\"has-medium-font-size\">(Re)visionnez ci-dessous le replay de notre webinaire d\u00e9di\u00e9 du 6 juillet 2022 anim\u00e9 par <strong>Marie Collin<\/strong>, Associ\u00e9e de EOLE BUSINESS &amp; RH et formatrice pour L&rsquo;Argus de l&rsquo;assurance.<\/p>\n\n\n\n<p class=\"has-text-align-center has-medium-font-size\">? Vous souhaitez approfondir le sujet ?<\/p>\n\n\n\n<p class=\"has-text-align-center has-medium-font-size\">D\u00e9couvrez notre formation en classe virtuelle d&rsquo;une demi-journ\u00e9e<strong>  R\u00e9forme du courtage<\/strong> anim\u00e9e par Marie Collin.<\/p>\n\n\n<div class=\"bttn-align-center\"><a href=\"https:\/\/evenements.infopro-digital.com\/argus\/formation-actualite-de-la-protection-sociale-complementaire-p-13124?xtor=AD-603\" target=\"_blank\" class=\"bttn bttn--min-width bttn--icon-left bttn--icon  bttn--big\"><span class=\"bttn__cont-label-icon\"><svg role=\"img\" aria-hidden=\"true\" viewBox=\"0 0 16 16\"><use href=\"#icon-double-fleche-droite\" class=\"icon__unicolor\" \/><\/svg><span class=\"bttn__label\">En savoir + sur la formation<\/span><\/span><\/a><\/div>\n\n\n<p class=\"has-text-align-center\"><\/p>\n\n\n\n<figure class=\"wp-block-embed-youtube wp-block-embed is-type-video is-provider-youtube wp-embed-aspect-16-9 wp-has-aspect-ratio\"><div class=\"wp-block-embed__wrapper\">\n<iframe loading=\"lazy\" title=\"Webinaire - R\u00e9forme du courtage, o\u00f9 en sommes-nous ? - M.COLLIN\" width=\"500\" height=\"281\" src=\"https:\/\/www.youtube-nocookie.com\/embed\/XeWkls0hqKQ?feature=oembed\" frameborder=\"0\" allow=\"accelerometer; autoplay; clipboard-write; encrypted-media; gyroscope; picture-in-picture\" allowfullscreen><\/iframe>\n<\/div><\/figure>\n\n\n\n<p class=\"has-text-align-center has-medium-font-size\">\u00c0 bient\u00f4t pour de nouveaux webinaires d\u2019actualit\u00e9&nbsp;!<\/p>\n\n\n\n<p class=\"has-text-align-center has-medium-font-size\">Retrouvez tous les replays de nos webinaires sur notre cha\u00eene YouTube<a href=\"https:\/\/www.youtube.com\/channel\/UC-mYpxoujOTYFlatviDKSNg\" target=\"_blank\" rel=\"noreferrer noopener\"> ici<\/a><\/p>\n\n<\/div><\/div>","protected":false},"excerpt":{"rendered":"","protected":false},"author":2,"featured_media":496,"comment_status":"open","ping_status":"open","sticky":false,"template":"","format":"standard","meta":{"custom_priority":""},"categories":[4],"tags":[],"yoast_head":"<!-- This site is optimized with the Yoast SEO plugin v18.9 - https:\/\/yoast.com\/wordpress\/plugins\/seo\/ -->\n<title>[Replay webinaire] R\u00e9forme du courtage : o\u00f9 en sommes-nous ? (06\/07\/22) - Formation argus<\/title>\n<meta name=\"robots\" content=\"index, follow, max-snippet:-1, max-image-preview:large, max-video-preview:-1\" \/>\n<link rel=\"canonical\" href=\"https:\/\/evenements.infopro-digital.com\/argus\/actu-formations\/2022\/07\/21\/replay-webinaire-reforme-du-courtage-ou-en-sommes-nous-06-07-22\/\" \/>\n<meta property=\"og:locale\" content=\"fr_FR\" \/>\n<meta property=\"og:type\" content=\"article\" \/>\n<meta property=\"og:title\" content=\"[Replay webinaire] R\u00e9forme du courtage : o\u00f9 en sommes-nous ? (06\/07\/22) - Formation argus\" \/>\n<meta property=\"og:url\" content=\"https:\/\/evenements.infopro-digital.com\/argus\/actu-formations\/2022\/07\/21\/replay-webinaire-reforme-du-courtage-ou-en-sommes-nous-06-07-22\/\" \/>\n<meta property=\"og:site_name\" content=\"Formation argus\" \/>\n<meta property=\"article:published_time\" content=\"2022-07-21T10:22:50+00:00\" \/>\n<meta property=\"article:modified_time\" content=\"2022-07-21T10:27:22+00:00\" \/>\n<meta property=\"og:image\" content=\"https:\/\/evenements.infopro-digital.com\/argus\/actu-formations\/\/app\/uploads\/2022\/07\/miniature-webinaire-reforme-courtage.jpg\" \/>\n\t<meta property=\"og:image:width\" content=\"1660\" \/>\n\t<meta property=\"og:image:height\" content=\"857\" \/>\n\t<meta property=\"og:image:type\" content=\"image\/jpeg\" \/>\n<meta name=\"twitter:card\" content=\"summary_large_image\" \/>\n<meta name=\"twitter:label1\" content=\"Written by\" \/>\n\t<meta name=\"twitter:data1\" content=\"ccourtial\" \/>\n\t<meta name=\"twitter:label2\" content=\"Est. reading time\" \/>\n\t<meta name=\"twitter:data2\" content=\"1 minute\" \/>\n<script type=\"application\/ld+json\" class=\"yoast-schema-graph\">{\"@context\":\"https:\/\/schema.org\",\"@graph\":[{\"@type\":\"WebSite\",\"@id\":\"https:\/\/evenements.infopro-digital.com\/argus\/actu-formations\/#website\",\"url\":\"https:\/\/evenements.infopro-digital.com\/argus\/actu-formations\/\",\"name\":\"Formation argus\",\"description\":\"Un site utilisant WordPress\",\"potentialAction\":[{\"@type\":\"SearchAction\",\"target\":{\"@type\":\"EntryPoint\",\"urlTemplate\":\"https:\/\/evenements.infopro-digital.com\/argus\/actu-formations\/?s={search_term_string}\"},\"query-input\":\"required name=search_term_string\"}],\"inLanguage\":\"fr-FR\"},{\"@type\":\"ImageObject\",\"inLanguage\":\"fr-FR\",\"@id\":\"https:\/\/evenements.infopro-digital.com\/argus\/actu-formations\/2022\/07\/21\/replay-webinaire-reforme-du-courtage-ou-en-sommes-nous-06-07-22\/#primaryimage\",\"url\":\"https:\/\/evenements.infopro-digital.com\/argus\/actu-formations\/\/app\/uploads\/2022\/07\/miniature-webinaire-reforme-courtage.jpg\",\"contentUrl\":\"https:\/\/evenements.infopro-digital.com\/argus\/actu-formations\/\/app\/uploads\/2022\/07\/miniature-webinaire-reforme-courtage.jpg\",\"width\":1660,\"height\":857,\"caption\":\"Webinaire r\u00e9forme du courtage 6 juillet 2022\"},{\"@type\":\"WebPage\",\"@id\":\"https:\/\/evenements.infopro-digital.com\/argus\/actu-formations\/2022\/07\/21\/replay-webinaire-reforme-du-courtage-ou-en-sommes-nous-06-07-22\/#webpage\",\"url\":\"https:\/\/evenements.infopro-digital.com\/argus\/actu-formations\/2022\/07\/21\/replay-webinaire-reforme-du-courtage-ou-en-sommes-nous-06-07-22\/\",\"name\":\"[Replay webinaire] R\u00e9forme du courtage : o\u00f9 en sommes-nous ? (06\/07\/22) - Formation argus\",\"isPartOf\":{\"@id\":\"https:\/\/evenements.infopro-digital.com\/argus\/actu-formations\/#website\"},\"primaryImageOfPage\":{\"@id\":\"https:\/\/evenements.infopro-digital.com\/argus\/actu-formations\/2022\/07\/21\/replay-webinaire-reforme-du-courtage-ou-en-sommes-nous-06-07-22\/#primaryimage\"},\"datePublished\":\"2022-07-21T10:22:50+00:00\",\"dateModified\":\"2022-07-21T10:27:22+00:00\",\"author\":{\"@id\":\"https:\/\/evenements.infopro-digital.com\/argus\/actu-formations\/#\/schema\/person\/69e9c01bd979d58648f5c0723a1cae71\"},\"breadcrumb\":{\"@id\":\"https:\/\/evenements.infopro-digital.com\/argus\/actu-formations\/2022\/07\/21\/replay-webinaire-reforme-du-courtage-ou-en-sommes-nous-06-07-22\/#breadcrumb\"},\"inLanguage\":\"fr-FR\",\"potentialAction\":[{\"@type\":\"ReadAction\",\"target\":[\"https:\/\/evenements.infopro-digital.com\/argus\/actu-formations\/2022\/07\/21\/replay-webinaire-reforme-du-courtage-ou-en-sommes-nous-06-07-22\/\"]}]},{\"@type\":\"BreadcrumbList\",\"@id\":\"https:\/\/evenements.infopro-digital.com\/argus\/actu-formations\/2022\/07\/21\/replay-webinaire-reforme-du-courtage-ou-en-sommes-nous-06-07-22\/#breadcrumb\",\"itemListElement\":[{\"@type\":\"ListItem\",\"position\":1,\"name\":\"Accueil\",\"item\":\"https:\/\/evenements.infopro-digital.com\/argus\/actu-formations\/\"},{\"@type\":\"ListItem\",\"position\":2,\"name\":\"[Replay webinaire] R\u00e9forme du courtage : o\u00f9 en sommes-nous ? (06\/07\/22)\"}]},{\"@type\":\"Person\",\"@id\":\"https:\/\/evenements.infopro-digital.com\/argus\/actu-formations\/#\/schema\/person\/69e9c01bd979d58648f5c0723a1cae71\",\"name\":\"ccourtial\",\"url\":\"https:\/\/evenements.infopro-digital.com\/argus\/actu-formations\/author\/ccourtial\/\"}]}<\/script>\n<!-- \/ Yoast SEO plugin. -->","yoast_head_json":{"title":"[Replay webinaire] R\u00e9forme du courtage : o\u00f9 en sommes-nous ? (06\/07\/22) - Formation argus","robots":{"index":"index","follow":"follow","max-snippet":"max-snippet:-1","max-image-preview":"max-image-preview:large","max-video-preview":"max-video-preview:-1"},"canonical":"https:\/\/evenements.infopro-digital.com\/argus\/actu-formations\/2022\/07\/21\/replay-webinaire-reforme-du-courtage-ou-en-sommes-nous-06-07-22\/","og_locale":"fr_FR","og_type":"article","og_title":"[Replay webinaire] R\u00e9forme du courtage : o\u00f9 en sommes-nous ? (06\/07\/22) - Formation argus","og_url":"https:\/\/evenements.infopro-digital.com\/argus\/actu-formations\/2022\/07\/21\/replay-webinaire-reforme-du-courtage-ou-en-sommes-nous-06-07-22\/","og_site_name":"Formation argus","article_published_time":"2022-07-21T10:22:50+00:00","article_modified_time":"2022-07-21T10:27:22+00:00","og_image":[{"width":1660,"height":857,"url":"https:\/\/evenements.infopro-digital.com\/argus\/actu-formations\/\/app\/uploads\/2022\/07\/miniature-webinaire-reforme-courtage.jpg","type":"image\/jpeg"}],"twitter_card":"summary_large_image","twitter_misc":{"Written by":"ccourtial","Est. reading time":"1 minute"},"schema":{"@context":"https:\/\/schema.org","@graph":[{"@type":"WebSite","@id":"https:\/\/evenements.infopro-digital.com\/argus\/actu-formations\/#website","url":"https:\/\/evenements.infopro-digital.com\/argus\/actu-formations\/","name":"Formation argus","description":"Un site utilisant WordPress","potentialAction":[{"@type":"SearchAction","target":{"@type":"EntryPoint","urlTemplate":"https:\/\/evenements.infopro-digital.com\/argus\/actu-formations\/?s={search_term_string}"},"query-input":"required name=search_term_string"}],"inLanguage":"fr-FR"},{"@type":"ImageObject","inLanguage":"fr-FR","@id":"https:\/\/evenements.infopro-digital.com\/argus\/actu-formations\/2022\/07\/21\/replay-webinaire-reforme-du-courtage-ou-en-sommes-nous-06-07-22\/#primaryimage","url":"https:\/\/evenements.infopro-digital.com\/argus\/actu-formations\/\/app\/uploads\/2022\/07\/miniature-webinaire-reforme-courtage.jpg","contentUrl":"https:\/\/evenements.infopro-digital.com\/argus\/actu-formations\/\/app\/uploads\/2022\/07\/miniature-webinaire-reforme-courtage.jpg","width":1660,"height":857,"caption":"Webinaire r\u00e9forme du courtage 6 juillet 2022"},{"@type":"WebPage","@id":"https:\/\/evenements.infopro-digital.com\/argus\/actu-formations\/2022\/07\/21\/replay-webinaire-reforme-du-courtage-ou-en-sommes-nous-06-07-22\/#webpage","url":"https:\/\/evenements.infopro-digital.com\/argus\/actu-formations\/2022\/07\/21\/replay-webinaire-reforme-du-courtage-ou-en-sommes-nous-06-07-22\/","name":"[Replay webinaire] R\u00e9forme du courtage : o\u00f9 en sommes-nous ? (06\/07\/22) - Formation argus","isPartOf":{"@id":"https:\/\/evenements.infopro-digital.com\/argus\/actu-formations\/#website"},"primaryImageOfPage":{"@id":"https:\/\/evenements.infopro-digital.com\/argus\/actu-formations\/2022\/07\/21\/replay-webinaire-reforme-du-courtage-ou-en-sommes-nous-06-07-22\/#primaryimage"},"datePublished":"2022-07-21T10:22:50+00:00","dateModified":"2022-07-21T10:27:22+00:00","author":{"@id":"https:\/\/evenements.infopro-digital.com\/argus\/actu-formations\/#\/schema\/person\/69e9c01bd979d58648f5c0723a1cae71"},"breadcrumb":{"@id":"https:\/\/evenements.infopro-digital.com\/argus\/actu-formations\/2022\/07\/21\/replay-webinaire-reforme-du-courtage-ou-en-sommes-nous-06-07-22\/#breadcrumb"},"inLanguage":"fr-FR","potentialAction":[{"@type":"ReadAction","target":["https:\/\/evenements.infopro-digital.com\/argus\/actu-formations\/2022\/07\/21\/replay-webinaire-reforme-du-courtage-ou-en-sommes-nous-06-07-22\/"]}]},{"@type":"BreadcrumbList","@id":"https:\/\/evenements.infopro-digital.com\/argus\/actu-formations\/2022\/07\/21\/replay-webinaire-reforme-du-courtage-ou-en-sommes-nous-06-07-22\/#breadcrumb","itemListElement":[{"@type":"ListItem","position":1,"name":"Accueil","item":"https:\/\/evenements.infopro-digital.com\/argus\/actu-formations\/"},{"@type":"ListItem","position":2,"name":"[Replay webinaire] R\u00e9forme du courtage : o\u00f9 en sommes-nous ? (06\/07\/22)"}]},{"@type":"Person","@id":"https:\/\/evenements.infopro-digital.com\/argus\/actu-formations\/#\/schema\/person\/69e9c01bd979d58648f5c0723a1cae71","name":"ccourtial","url":"https:\/\/evenements.infopro-digital.com\/argus\/actu-formations\/author\/ccourtial\/"}]}},"_links":{"self":[{"href":"https:\/\/evenements.infopro-digital.com\/argus\/actu-formations\/wp-json\/wp\/v2\/posts\/489"}],"collection":[{"href":"https:\/\/evenements.infopro-digital.com\/argus\/actu-formations\/wp-json\/wp\/v2\/posts"}],"about":[{"href":"https:\/\/evenements.infopro-digital.com\/argus\/actu-formations\/wp-json\/wp\/v2\/types\/post"}],"author":[{"embeddable":true,"href":"https:\/\/evenements.infopro-digital.com\/argus\/actu-formations\/wp-json\/wp\/v2\/users\/2"}],"replies":[{"embeddable":true,"href":"https:\/\/evenements.infopro-digital.com\/argus\/actu-formations\/wp-json\/wp\/v2\/comments?post=489"}],"version-history":[{"count":7,"href":"https:\/\/evenements.infopro-digital.com\/argus\/actu-formations\/wp-json\/wp\/v2\/posts\/489\/revisions"}],"predecessor-version":[{"id":498,"href":"https:\/\/evenements.infopro-digital.com\/argus\/actu-formations\/wp-json\/wp\/v2\/posts\/489\/revisions\/498"}],"wp:featuredmedia":[{"embeddable":true,"href":"https:\/\/evenements.infopro-digital.com\/argus\/actu-formations\/wp-json\/wp\/v2\/media\/496"}],"wp:attachment":[{"href":"https:\/\/evenements.infopro-digital.com\/argus\/actu-formations\/wp-json\/wp\/v2\/media?parent=489"}],"wp:term":[{"taxonomy":"category","embeddable":true,"href":"https:\/\/evenements.infopro-digital.com\/argus\/actu-formations\/wp-json\/wp\/v2\/categories?post=489"},{"taxonomy":"post_tag","embeddable":true,"href":"https:\/\/evenements.infopro-digital.com\/argus\/actu-formations\/wp-json\/wp\/v2\/tags?post=489"}],"curies":[{"name":"wp","href":"https:\/\/api.w.org\/{rel}","templated":true}]}}