{"id":438,"date":"2022-06-15T16:07:40","date_gmt":"2022-06-15T14:07:40","guid":{"rendered":"https:\/\/evenements.infopro-digital.com\/argus\/actu-formations\/?p=438"},"modified":"2022-07-21T12:31:25","modified_gmt":"2022-07-21T10:31:25","slug":"nouvelle-formation-fondamentaux-et-application-de-la-convention-irsi","status":"publish","type":"post","link":"https:\/\/evenements.infopro-digital.com\/argus\/actu-formations\/2022\/06\/15\/nouvelle-formation-fondamentaux-et-application-de-la-convention-irsi\/","title":{"rendered":"[NOUVELLE FORMATION] Fondamentaux et application de la convention IRSI"},"content":{"rendered":"<div  class=\"strate alignfull has-background-color-opacity-100\" style=\" background-position: 50% 50%;\"><div class=\"centrage\">\n<hr class=\"separator separator--center separator--line has-white-separator-color separator--thickness-1 separator--md\"\/>\n\n\n<p class=\"has-medium-font-size\">La convention IRSI (<strong>convention d&rsquo;Indemnisation et de Recours des Sinistres Immeubles)<\/strong> est un accord sign\u00e9 entre plusieurs assureurs qui permet d\u2019acc\u00e9l\u00e9rer la prise en charge et l\u2019indemnisation de sinistres d\u00e9g\u00e2t des eaux et incendie.<\/p>\n\n\n\n<p class=\"has-medium-font-size\">Cependant, pour qu\u2019un sinistre soit \u00e9ligible \u00e0 l\u2019indemnisation pr\u00e9vue dans la convention IRSI, il faut r\u00e9unir plusieurs conditions.<\/p>\n\n\n\n<div class=\"wp-block-image\"><figure class=\"aligncenter size-large is-resized\"><img loading=\"lazy\" src=\"https:\/\/evenements.infopro-digital.com\/argus\/actu-formations\/\/app\/uploads\/2022\/06\/Convention-IRSI.png\" alt=\"\" class=\"wp-image-446\" width=\"500\" height=\"350\" srcset=\"https:\/\/evenements.infopro-digital.com\/argus\/actu-formations\/\/app\/uploads\/2022\/06\/Convention-IRSI.png 1000w, https:\/\/evenements.infopro-digital.com\/argus\/actu-formations\/\/app\/uploads\/2022\/06\/Convention-IRSI-300x210.png 300w, https:\/\/evenements.infopro-digital.com\/argus\/actu-formations\/\/app\/uploads\/2022\/06\/Convention-IRSI-768x538.png 768w, https:\/\/evenements.infopro-digital.com\/argus\/actu-formations\/\/app\/uploads\/2022\/06\/Convention-IRSI-800x560.png 800w, https:\/\/evenements.infopro-digital.com\/argus\/actu-formations\/\/app\/uploads\/2022\/06\/Convention-IRSI-400x280.png 400w\" sizes=\"(max-width: 500px) 100vw, 500px\" \/><\/figure><\/div>\n\n\n\n<p class=\"has-medium-font-size\">Notre \u00e9quipe a cr\u00e9\u00e9 une <strong>nouvelle formation en blended-learning <\/strong>afin de vous permettre de mieux comprendre ces conditions d&rsquo;application et de g\u00e9rer efficacement les sinistres d\u00e9g\u00e2ts des eaux et incendie.<\/p>\n\n\n\n<p class=\"has-medium-font-size\">Cette formation permettra aux participants d\u2019acqu\u00e9rir en plus de la th\u00e9orie, des comp\u00e9tences op\u00e9rationnelles par la pratique et l&rsquo;exp\u00e9rimentation.<\/p>\n\n\n\n<h4>Une premi\u00e8re partie en e-learning (1h30)<\/h4>\n\n\n\n<p class=\"has-medium-font-size\">Dans un premier temps, la formation vous donne acc\u00e8s \u00e0 un parcours en e-learning d&rsquo;1h30 expliquant les apports de la convention IRSI par rapport \u00e0 l\u2019ancienne convention (CIDRE) et d\u00e9taillant ses modalit\u00e9s de gestion.<\/p>\n\n\n\n<h4>Une deuxi\u00e8me partie pour mettre en pratique la th\u00e9orie (1 jour en pr\u00e9sentiel)<\/h4>\n\n\n\n<p class=\"has-medium-font-size\">Dans un second temps, la formation est compl\u00e9t\u00e9e d&rsquo;une journ\u00e9e en pr\u00e9sentiel (7 heures).<br>Le but de cette journ\u00e9e pratique est d\u2019appr\u00e9hender les nouvelles modalit\u00e9s de gestion de la convention IRSI par la pratique et l\u2019exp\u00e9rimentation via de nombreux exercices.<\/p>\n\n\n<hr class=\"separator separator--center separator--line has-white-separator-color separator--thickness-1 separator--md\"\/>\n\n<div class=\"bttn-align-left\"><a href=\"https:\/\/evenements.infopro-digital.com\/argus\/formation-convention-irsi-fondamentaux-et-application-p-15147?xtor=AD-603\" target=\"_blank\" class=\"bttn bttn--min-width bttn--icon-left bttn--icon  bttn--big\"><span class=\"bttn__cont-label-icon\"><svg role=\"img\" aria-hidden=\"true\" viewBox=\"0 0 16 16\"><use href=\"#icon-double-fleche-droite\" class=\"icon__unicolor\" \/><\/svg><span class=\"bttn__label\">Voir le programme complet de la formation<\/span><\/span><\/a><\/div>\n\n<hr class=\"separator separator--center separator--line has-white-separator-color separator--thickness-1 separator--md\"\/>\n\n<hr class=\"separator separator--center separator--line has-white-separator-color separator--thickness-1 separator--md\"\/>\n\n\n<h2>Vous souhaitez former 4 personnes ou plus ?<\/h2>\n\n\n\n<p class=\"has-medium-font-size\">Optez pour la formation intra-entreprise !<\/p>\n\n\n<div class=\"bttn-align-left\"><a href=\"https:\/\/evenements.infopro-digital.com\/argus\/contact\/context\/6?xtor=AD-603\" target=\"_blank\" class=\"bttn bttn--min-width bttn--icon-left bttn--icon has-color-1-bttn-color bttn--big\"><span class=\"bttn__cont-label-icon\"><svg role=\"img\" aria-hidden=\"true\" viewBox=\"0 0 16 16\"><use href=\"#icon-document-2\" class=\"icon__unicolor\" \/><\/svg><span class=\"bttn__label\">Faire une demande de formation intra-entreprise<\/span><\/span><\/a><\/div>\n<\/div><\/div>","protected":false},"excerpt":{"rendered":"","protected":false},"author":2,"featured_media":446,"comment_status":"open","ping_status":"open","sticky":false,"template":"","format":"standard","meta":{"custom_priority":""},"categories":[6],"tags":[],"yoast_head":"<!-- This site is optimized with the Yoast SEO plugin v18.9 - https:\/\/yoast.com\/wordpress\/plugins\/seo\/ -->\n<title>[NOUVELLE FORMATION] Fondamentaux et application de la convention IRSI - Formation argus<\/title>\n<meta name=\"robots\" content=\"index, follow, max-snippet:-1, max-image-preview:large, max-video-preview:-1\" \/>\n<link rel=\"canonical\" href=\"https:\/\/evenements.infopro-digital.com\/argus\/actu-formations\/2022\/06\/15\/nouvelle-formation-fondamentaux-et-application-de-la-convention-irsi\/\" \/>\n<meta property=\"og:locale\" content=\"fr_FR\" \/>\n<meta property=\"og:type\" content=\"article\" \/>\n<meta property=\"og:title\" content=\"[NOUVELLE FORMATION] Fondamentaux et application de la convention IRSI - Formation argus\" \/>\n<meta property=\"og:url\" content=\"https:\/\/evenements.infopro-digital.com\/argus\/actu-formations\/2022\/06\/15\/nouvelle-formation-fondamentaux-et-application-de-la-convention-irsi\/\" \/>\n<meta property=\"og:site_name\" content=\"Formation argus\" \/>\n<meta property=\"article:published_time\" content=\"2022-06-15T14:07:40+00:00\" \/>\n<meta property=\"article:modified_time\" content=\"2022-07-21T10:31:25+00:00\" \/>\n<meta property=\"og:image\" content=\"https:\/\/evenements.infopro-digital.com\/argus\/actu-formations\/\/app\/uploads\/2022\/06\/Convention-IRSI.png\" \/>\n\t<meta property=\"og:image:width\" content=\"1000\" \/>\n\t<meta property=\"og:image:height\" content=\"700\" \/>\n\t<meta property=\"og:image:type\" content=\"image\/png\" \/>\n<meta name=\"twitter:card\" content=\"summary_large_image\" \/>\n<meta name=\"twitter:label1\" content=\"Written by\" \/>\n\t<meta name=\"twitter:data1\" content=\"ccourtial\" \/>\n\t<meta name=\"twitter:label2\" content=\"Est. reading time\" \/>\n\t<meta name=\"twitter:data2\" content=\"2 minutes\" \/>\n<script type=\"application\/ld+json\" class=\"yoast-schema-graph\">{\"@context\":\"https:\/\/schema.org\",\"@graph\":[{\"@type\":\"WebSite\",\"@id\":\"https:\/\/evenements.infopro-digital.com\/argus\/actu-formations\/#website\",\"url\":\"https:\/\/evenements.infopro-digital.com\/argus\/actu-formations\/\",\"name\":\"Formation argus\",\"description\":\"Un site utilisant WordPress\",\"potentialAction\":[{\"@type\":\"SearchAction\",\"target\":{\"@type\":\"EntryPoint\",\"urlTemplate\":\"https:\/\/evenements.infopro-digital.com\/argus\/actu-formations\/?s={search_term_string}\"},\"query-input\":\"required name=search_term_string\"}],\"inLanguage\":\"fr-FR\"},{\"@type\":\"ImageObject\",\"inLanguage\":\"fr-FR\",\"@id\":\"https:\/\/evenements.infopro-digital.com\/argus\/actu-formations\/2022\/06\/15\/nouvelle-formation-fondamentaux-et-application-de-la-convention-irsi\/#primaryimage\",\"url\":\"https:\/\/evenements.infopro-digital.com\/argus\/actu-formations\/\/app\/uploads\/2022\/06\/Convention-IRSI.png\",\"contentUrl\":\"https:\/\/evenements.infopro-digital.com\/argus\/actu-formations\/\/app\/uploads\/2022\/06\/Convention-IRSI.png\",\"width\":1000,\"height\":700},{\"@type\":\"WebPage\",\"@id\":\"https:\/\/evenements.infopro-digital.com\/argus\/actu-formations\/2022\/06\/15\/nouvelle-formation-fondamentaux-et-application-de-la-convention-irsi\/#webpage\",\"url\":\"https:\/\/evenements.infopro-digital.com\/argus\/actu-formations\/2022\/06\/15\/nouvelle-formation-fondamentaux-et-application-de-la-convention-irsi\/\",\"name\":\"[NOUVELLE FORMATION] Fondamentaux et application de la convention IRSI - Formation argus\",\"isPartOf\":{\"@id\":\"https:\/\/evenements.infopro-digital.com\/argus\/actu-formations\/#website\"},\"primaryImageOfPage\":{\"@id\":\"https:\/\/evenements.infopro-digital.com\/argus\/actu-formations\/2022\/06\/15\/nouvelle-formation-fondamentaux-et-application-de-la-convention-irsi\/#primaryimage\"},\"datePublished\":\"2022-06-15T14:07:40+00:00\",\"dateModified\":\"2022-07-21T10:31:25+00:00\",\"author\":{\"@id\":\"https:\/\/evenements.infopro-digital.com\/argus\/actu-formations\/#\/schema\/person\/69e9c01bd979d58648f5c0723a1cae71\"},\"breadcrumb\":{\"@id\":\"https:\/\/evenements.infopro-digital.com\/argus\/actu-formations\/2022\/06\/15\/nouvelle-formation-fondamentaux-et-application-de-la-convention-irsi\/#breadcrumb\"},\"inLanguage\":\"fr-FR\",\"potentialAction\":[{\"@type\":\"ReadAction\",\"target\":[\"https:\/\/evenements.infopro-digital.com\/argus\/actu-formations\/2022\/06\/15\/nouvelle-formation-fondamentaux-et-application-de-la-convention-irsi\/\"]}]},{\"@type\":\"BreadcrumbList\",\"@id\":\"https:\/\/evenements.infopro-digital.com\/argus\/actu-formations\/2022\/06\/15\/nouvelle-formation-fondamentaux-et-application-de-la-convention-irsi\/#breadcrumb\",\"itemListElement\":[{\"@type\":\"ListItem\",\"position\":1,\"name\":\"Accueil\",\"item\":\"https:\/\/evenements.infopro-digital.com\/argus\/actu-formations\/\"},{\"@type\":\"ListItem\",\"position\":2,\"name\":\"[NOUVELLE FORMATION] Fondamentaux et application de la convention IRSI\"}]},{\"@type\":\"Person\",\"@id\":\"https:\/\/evenements.infopro-digital.com\/argus\/actu-formations\/#\/schema\/person\/69e9c01bd979d58648f5c0723a1cae71\",\"name\":\"ccourtial\",\"url\":\"https:\/\/evenements.infopro-digital.com\/argus\/actu-formations\/author\/ccourtial\/\"}]}<\/script>\n<!-- \/ Yoast SEO plugin. -->","yoast_head_json":{"title":"[NOUVELLE FORMATION] Fondamentaux et application de la convention IRSI - Formation argus","robots":{"index":"index","follow":"follow","max-snippet":"max-snippet:-1","max-image-preview":"max-image-preview:large","max-video-preview":"max-video-preview:-1"},"canonical":"https:\/\/evenements.infopro-digital.com\/argus\/actu-formations\/2022\/06\/15\/nouvelle-formation-fondamentaux-et-application-de-la-convention-irsi\/","og_locale":"fr_FR","og_type":"article","og_title":"[NOUVELLE FORMATION] Fondamentaux et application de la convention IRSI - Formation argus","og_url":"https:\/\/evenements.infopro-digital.com\/argus\/actu-formations\/2022\/06\/15\/nouvelle-formation-fondamentaux-et-application-de-la-convention-irsi\/","og_site_name":"Formation argus","article_published_time":"2022-06-15T14:07:40+00:00","article_modified_time":"2022-07-21T10:31:25+00:00","og_image":[{"width":1000,"height":700,"url":"https:\/\/evenements.infopro-digital.com\/argus\/actu-formations\/\/app\/uploads\/2022\/06\/Convention-IRSI.png","type":"image\/png"}],"twitter_card":"summary_large_image","twitter_misc":{"Written by":"ccourtial","Est. reading time":"2 minutes"},"schema":{"@context":"https:\/\/schema.org","@graph":[{"@type":"WebSite","@id":"https:\/\/evenements.infopro-digital.com\/argus\/actu-formations\/#website","url":"https:\/\/evenements.infopro-digital.com\/argus\/actu-formations\/","name":"Formation argus","description":"Un site utilisant WordPress","potentialAction":[{"@type":"SearchAction","target":{"@type":"EntryPoint","urlTemplate":"https:\/\/evenements.infopro-digital.com\/argus\/actu-formations\/?s={search_term_string}"},"query-input":"required name=search_term_string"}],"inLanguage":"fr-FR"},{"@type":"ImageObject","inLanguage":"fr-FR","@id":"https:\/\/evenements.infopro-digital.com\/argus\/actu-formations\/2022\/06\/15\/nouvelle-formation-fondamentaux-et-application-de-la-convention-irsi\/#primaryimage","url":"https:\/\/evenements.infopro-digital.com\/argus\/actu-formations\/\/app\/uploads\/2022\/06\/Convention-IRSI.png","contentUrl":"https:\/\/evenements.infopro-digital.com\/argus\/actu-formations\/\/app\/uploads\/2022\/06\/Convention-IRSI.png","width":1000,"height":700},{"@type":"WebPage","@id":"https:\/\/evenements.infopro-digital.com\/argus\/actu-formations\/2022\/06\/15\/nouvelle-formation-fondamentaux-et-application-de-la-convention-irsi\/#webpage","url":"https:\/\/evenements.infopro-digital.com\/argus\/actu-formations\/2022\/06\/15\/nouvelle-formation-fondamentaux-et-application-de-la-convention-irsi\/","name":"[NOUVELLE FORMATION] Fondamentaux et application de la convention IRSI - Formation argus","isPartOf":{"@id":"https:\/\/evenements.infopro-digital.com\/argus\/actu-formations\/#website"},"primaryImageOfPage":{"@id":"https:\/\/evenements.infopro-digital.com\/argus\/actu-formations\/2022\/06\/15\/nouvelle-formation-fondamentaux-et-application-de-la-convention-irsi\/#primaryimage"},"datePublished":"2022-06-15T14:07:40+00:00","dateModified":"2022-07-21T10:31:25+00:00","author":{"@id":"https:\/\/evenements.infopro-digital.com\/argus\/actu-formations\/#\/schema\/person\/69e9c01bd979d58648f5c0723a1cae71"},"breadcrumb":{"@id":"https:\/\/evenements.infopro-digital.com\/argus\/actu-formations\/2022\/06\/15\/nouvelle-formation-fondamentaux-et-application-de-la-convention-irsi\/#breadcrumb"},"inLanguage":"fr-FR","potentialAction":[{"@type":"ReadAction","target":["https:\/\/evenements.infopro-digital.com\/argus\/actu-formations\/2022\/06\/15\/nouvelle-formation-fondamentaux-et-application-de-la-convention-irsi\/"]}]},{"@type":"BreadcrumbList","@id":"https:\/\/evenements.infopro-digital.com\/argus\/actu-formations\/2022\/06\/15\/nouvelle-formation-fondamentaux-et-application-de-la-convention-irsi\/#breadcrumb","itemListElement":[{"@type":"ListItem","position":1,"name":"Accueil","item":"https:\/\/evenements.infopro-digital.com\/argus\/actu-formations\/"},{"@type":"ListItem","position":2,"name":"[NOUVELLE FORMATION] Fondamentaux et application de la convention IRSI"}]},{"@type":"Person","@id":"https:\/\/evenements.infopro-digital.com\/argus\/actu-formations\/#\/schema\/person\/69e9c01bd979d58648f5c0723a1cae71","name":"ccourtial","url":"https:\/\/evenements.infopro-digital.com\/argus\/actu-formations\/author\/ccourtial\/"}]}},"_links":{"self":[{"href":"https:\/\/evenements.infopro-digital.com\/argus\/actu-formations\/wp-json\/wp\/v2\/posts\/438"}],"collection":[{"href":"https:\/\/evenements.infopro-digital.com\/argus\/actu-formations\/wp-json\/wp\/v2\/posts"}],"about":[{"href":"https:\/\/evenements.infopro-digital.com\/argus\/actu-formations\/wp-json\/wp\/v2\/types\/post"}],"author":[{"embeddable":true,"href":"https:\/\/evenements.infopro-digital.com\/argus\/actu-formations\/wp-json\/wp\/v2\/users\/2"}],"replies":[{"embeddable":true,"href":"https:\/\/evenements.infopro-digital.com\/argus\/actu-formations\/wp-json\/wp\/v2\/comments?post=438"}],"version-history":[{"count":10,"href":"https:\/\/evenements.infopro-digital.com\/argus\/actu-formations\/wp-json\/wp\/v2\/posts\/438\/revisions"}],"predecessor-version":[{"id":449,"href":"https:\/\/evenements.infopro-digital.com\/argus\/actu-formations\/wp-json\/wp\/v2\/posts\/438\/revisions\/449"}],"wp:featuredmedia":[{"embeddable":true,"href":"https:\/\/evenements.infopro-digital.com\/argus\/actu-formations\/wp-json\/wp\/v2\/media\/446"}],"wp:attachment":[{"href":"https:\/\/evenements.infopro-digital.com\/argus\/actu-formations\/wp-json\/wp\/v2\/media?parent=438"}],"wp:term":[{"taxonomy":"category","embeddable":true,"href":"https:\/\/evenements.infopro-digital.com\/argus\/actu-formations\/wp-json\/wp\/v2\/categories?post=438"},{"taxonomy":"post_tag","embeddable":true,"href":"https:\/\/evenements.infopro-digital.com\/argus\/actu-formations\/wp-json\/wp\/v2\/tags?post=438"}],"curies":[{"name":"wp","href":"https:\/\/api.w.org\/{rel}","templated":true}]}}