{"id":376,"date":"2022-06-01T14:57:00","date_gmt":"2022-06-01T12:57:00","guid":{"rendered":"https:\/\/evenements.infopro-digital.com\/argus\/actu-formations\/?p=376"},"modified":"2022-07-21T12:29:58","modified_gmt":"2022-07-21T10:29:58","slug":"revoir-le-webinaire-protection-sociale-des-agents-ou-en-est-on-03-05-22","status":"publish","type":"post","link":"https:\/\/evenements.infopro-digital.com\/argus\/actu-formations\/2022\/06\/01\/revoir-le-webinaire-protection-sociale-des-agents-ou-en-est-on-03-05-22\/","title":{"rendered":"[Replay webinaire] Protection sociale des agents : o\u00f9 en est-on ? (03\/05\/22)"},"content":{"rendered":"<div  class=\"strate alignfull has-background-color-opacity-100\" style=\" background-position: 50% 50%;\"><div class=\"centrage\">\n\n<p class=\"has-text-align-left has-medium-font-size\">Les employeurs territoriaux et les organisations syndicales repr\u00e9sentatives ont entam\u00e9 de nouvelles discussions dans le cadre de la r\u00e9forme de la protection sociale.<\/p>\n\n\n\n<p class=\"has-text-align-left has-medium-font-size\">Lors de ce webinaire diffus\u00e9 le 3 mai 2022,<strong> Julie Creveaux<\/strong>, avocate experte en droit de la fonction publique, <strong>fait le point sur l\u2019actualit\u00e9 de la protection sociale obligatoire des agents publics et sur la r\u00e9forme de la protection sociale compl\u00e9mentaire des territoriaux<\/strong>.<\/p>\n\n\n\n<p class=\"has-text-align-left has-medium-font-size\">Au programme :<\/p>\n\n\n\n<p class=\"has-text-align-left has-medium-font-size\">\u2022&nbsp;&nbsp;&nbsp;&nbsp;&nbsp;&nbsp;&nbsp;&nbsp;&nbsp;&nbsp;&nbsp;&nbsp; Les droits \u00e0 cong\u00e9s maladie des agents publics<\/p>\n\n\n\n<p class=\"has-text-align-left has-medium-font-size\">\u2022&nbsp;&nbsp;&nbsp;&nbsp;&nbsp;&nbsp;&nbsp;&nbsp;&nbsp;&nbsp;&nbsp;&nbsp; L&rsquo;obligation des employeurs territoriaux en mati\u00e8re de prise en charge des frais aff\u00e9rents \u00e0 la mutuelle et \u00e0 la pr\u00e9voyance<\/p>\n\n\n\n<p class=\"has-text-align-left has-medium-font-size\">\u2022&nbsp;&nbsp;&nbsp;&nbsp;&nbsp;&nbsp;&nbsp;&nbsp;&nbsp;&nbsp;&nbsp;&nbsp; La proc\u00e9dure \u00e0 respecter pour sa mise en \u0153uvre<\/p>\n\n\n\n<p class=\"has-text-align-center\"><\/p>\n\n\n\n<p class=\"has-text-align-center has-medium-font-size\">\u00c0 bient\u00f4t pour de nouveaux webinaires d\u2019actualit\u00e9&nbsp;!<\/p>\n\n\n\n<figure class=\"wp-block-embed-youtube wp-block-embed is-type-video is-provider-youtube wp-embed-aspect-16-9 wp-has-aspect-ratio\"><div class=\"wp-block-embed__wrapper\">\n<iframe loading=\"lazy\" title=\"Webinaire - Protection sociale des agents : o\u00f9 en est-on ? - J. CREVEAUX\" width=\"500\" height=\"281\" src=\"https:\/\/www.youtube-nocookie.com\/embed\/9Zx8QjYzBJo?feature=oembed\" frameborder=\"0\" allow=\"accelerometer; autoplay; clipboard-write; encrypted-media; gyroscope; picture-in-picture\" allowfullscreen><\/iframe>\n<\/div><\/figure>\n\n\n\n<p class=\"has-text-align-center has-medium-font-size\">? Vous souhaitez approfondir le sujet ?<\/p>\n\n\n\n<p class=\"has-text-align-center has-medium-font-size\">D\u00e9couvrez notre formation d&rsquo;une journ\u00e9e,<em> <strong>Actualit\u00e9 de la protection sociale compl\u00e9mentaire<\/strong><\/em>, disponible \u00e0 Paris et en classe virtuelle.<\/p>\n\n\n<div class=\"bttn-align-center\"><a href=\"https:\/\/evenements.infopro-digital.com\/argus\/formation-actualite-de-la-protection-sociale-complementaire-p-13124?xtor=AD-603\" target=\"_blank\" class=\"bttn bttn--min-width bttn--icon-left bttn--icon  bttn--big\"><span class=\"bttn__cont-label-icon\"><svg role=\"img\" aria-hidden=\"true\" viewBox=\"0 0 16 16\"><use href=\"#icon-double-fleche-droite\" class=\"icon__unicolor\" \/><\/svg><span class=\"bttn__label\">En savoir + sur la formation<\/span><\/span><\/a><\/div>\n<\/div><\/div>","protected":false},"excerpt":{"rendered":"","protected":false},"author":2,"featured_media":424,"comment_status":"open","ping_status":"open","sticky":false,"template":"","format":"standard","meta":{"custom_priority":""},"categories":[4],"tags":[],"yoast_head":"<!-- This site is optimized with the Yoast SEO plugin v18.9 - https:\/\/yoast.com\/wordpress\/plugins\/seo\/ -->\n<title>[Replay webinaire] Protection sociale des agents : o\u00f9 en est-on ? (03\/05\/22) - Formation argus<\/title>\n<meta name=\"robots\" content=\"index, follow, max-snippet:-1, max-image-preview:large, max-video-preview:-1\" \/>\n<link rel=\"canonical\" href=\"https:\/\/evenements.infopro-digital.com\/argus\/actu-formations\/2022\/06\/01\/revoir-le-webinaire-protection-sociale-des-agents-ou-en-est-on-03-05-22\/\" \/>\n<meta property=\"og:locale\" content=\"fr_FR\" \/>\n<meta property=\"og:type\" content=\"article\" \/>\n<meta property=\"og:title\" content=\"[Replay webinaire] Protection sociale des agents : o\u00f9 en est-on ? (03\/05\/22) - Formation argus\" \/>\n<meta property=\"og:url\" content=\"https:\/\/evenements.infopro-digital.com\/argus\/actu-formations\/2022\/06\/01\/revoir-le-webinaire-protection-sociale-des-agents-ou-en-est-on-03-05-22\/\" \/>\n<meta property=\"og:site_name\" content=\"Formation argus\" \/>\n<meta property=\"article:published_time\" content=\"2022-06-01T12:57:00+00:00\" \/>\n<meta property=\"article:modified_time\" content=\"2022-07-21T10:29:58+00:00\" \/>\n<meta property=\"og:image\" content=\"https:\/\/evenements.infopro-digital.com\/argus\/actu-formations\/\/app\/uploads\/2022\/06\/Miniature-webinaire-Actualite-protection-sociale-agents-publics.png\" \/>\n\t<meta property=\"og:image:width\" content=\"948\" \/>\n\t<meta property=\"og:image:height\" content=\"538\" \/>\n\t<meta property=\"og:image:type\" content=\"image\/png\" \/>\n<meta name=\"twitter:card\" content=\"summary_large_image\" \/>\n<meta name=\"twitter:label1\" content=\"Written by\" \/>\n\t<meta name=\"twitter:data1\" content=\"ccourtial\" \/>\n\t<meta name=\"twitter:label2\" content=\"Est. reading time\" \/>\n\t<meta name=\"twitter:data2\" content=\"1 minute\" \/>\n<script type=\"application\/ld+json\" class=\"yoast-schema-graph\">{\"@context\":\"https:\/\/schema.org\",\"@graph\":[{\"@type\":\"WebSite\",\"@id\":\"https:\/\/evenements.infopro-digital.com\/argus\/actu-formations\/#website\",\"url\":\"https:\/\/evenements.infopro-digital.com\/argus\/actu-formations\/\",\"name\":\"Formation argus\",\"description\":\"Un site utilisant WordPress\",\"potentialAction\":[{\"@type\":\"SearchAction\",\"target\":{\"@type\":\"EntryPoint\",\"urlTemplate\":\"https:\/\/evenements.infopro-digital.com\/argus\/actu-formations\/?s={search_term_string}\"},\"query-input\":\"required name=search_term_string\"}],\"inLanguage\":\"fr-FR\"},{\"@type\":\"ImageObject\",\"inLanguage\":\"fr-FR\",\"@id\":\"https:\/\/evenements.infopro-digital.com\/argus\/actu-formations\/2022\/06\/01\/revoir-le-webinaire-protection-sociale-des-agents-ou-en-est-on-03-05-22\/#primaryimage\",\"url\":\"https:\/\/evenements.infopro-digital.com\/argus\/actu-formations\/\/app\/uploads\/2022\/06\/Miniature-webinaire-Actualite-protection-sociale-agents-publics.png\",\"contentUrl\":\"https:\/\/evenements.infopro-digital.com\/argus\/actu-formations\/\/app\/uploads\/2022\/06\/Miniature-webinaire-Actualite-protection-sociale-agents-publics.png\",\"width\":948,\"height\":538},{\"@type\":\"WebPage\",\"@id\":\"https:\/\/evenements.infopro-digital.com\/argus\/actu-formations\/2022\/06\/01\/revoir-le-webinaire-protection-sociale-des-agents-ou-en-est-on-03-05-22\/#webpage\",\"url\":\"https:\/\/evenements.infopro-digital.com\/argus\/actu-formations\/2022\/06\/01\/revoir-le-webinaire-protection-sociale-des-agents-ou-en-est-on-03-05-22\/\",\"name\":\"[Replay webinaire] Protection sociale des agents : o\u00f9 en est-on ? (03\/05\/22) - Formation argus\",\"isPartOf\":{\"@id\":\"https:\/\/evenements.infopro-digital.com\/argus\/actu-formations\/#website\"},\"primaryImageOfPage\":{\"@id\":\"https:\/\/evenements.infopro-digital.com\/argus\/actu-formations\/2022\/06\/01\/revoir-le-webinaire-protection-sociale-des-agents-ou-en-est-on-03-05-22\/#primaryimage\"},\"datePublished\":\"2022-06-01T12:57:00+00:00\",\"dateModified\":\"2022-07-21T10:29:58+00:00\",\"author\":{\"@id\":\"https:\/\/evenements.infopro-digital.com\/argus\/actu-formations\/#\/schema\/person\/69e9c01bd979d58648f5c0723a1cae71\"},\"breadcrumb\":{\"@id\":\"https:\/\/evenements.infopro-digital.com\/argus\/actu-formations\/2022\/06\/01\/revoir-le-webinaire-protection-sociale-des-agents-ou-en-est-on-03-05-22\/#breadcrumb\"},\"inLanguage\":\"fr-FR\",\"potentialAction\":[{\"@type\":\"ReadAction\",\"target\":[\"https:\/\/evenements.infopro-digital.com\/argus\/actu-formations\/2022\/06\/01\/revoir-le-webinaire-protection-sociale-des-agents-ou-en-est-on-03-05-22\/\"]}]},{\"@type\":\"BreadcrumbList\",\"@id\":\"https:\/\/evenements.infopro-digital.com\/argus\/actu-formations\/2022\/06\/01\/revoir-le-webinaire-protection-sociale-des-agents-ou-en-est-on-03-05-22\/#breadcrumb\",\"itemListElement\":[{\"@type\":\"ListItem\",\"position\":1,\"name\":\"Accueil\",\"item\":\"https:\/\/evenements.infopro-digital.com\/argus\/actu-formations\/\"},{\"@type\":\"ListItem\",\"position\":2,\"name\":\"[Replay webinaire] Protection sociale des agents : o\u00f9 en est-on ? (03\/05\/22)\"}]},{\"@type\":\"Person\",\"@id\":\"https:\/\/evenements.infopro-digital.com\/argus\/actu-formations\/#\/schema\/person\/69e9c01bd979d58648f5c0723a1cae71\",\"name\":\"ccourtial\",\"url\":\"https:\/\/evenements.infopro-digital.com\/argus\/actu-formations\/author\/ccourtial\/\"}]}<\/script>\n<!-- \/ Yoast SEO plugin. -->","yoast_head_json":{"title":"[Replay webinaire] Protection sociale des agents : o\u00f9 en est-on ? (03\/05\/22) - Formation argus","robots":{"index":"index","follow":"follow","max-snippet":"max-snippet:-1","max-image-preview":"max-image-preview:large","max-video-preview":"max-video-preview:-1"},"canonical":"https:\/\/evenements.infopro-digital.com\/argus\/actu-formations\/2022\/06\/01\/revoir-le-webinaire-protection-sociale-des-agents-ou-en-est-on-03-05-22\/","og_locale":"fr_FR","og_type":"article","og_title":"[Replay webinaire] Protection sociale des agents : o\u00f9 en est-on ? (03\/05\/22) - Formation argus","og_url":"https:\/\/evenements.infopro-digital.com\/argus\/actu-formations\/2022\/06\/01\/revoir-le-webinaire-protection-sociale-des-agents-ou-en-est-on-03-05-22\/","og_site_name":"Formation argus","article_published_time":"2022-06-01T12:57:00+00:00","article_modified_time":"2022-07-21T10:29:58+00:00","og_image":[{"width":948,"height":538,"url":"https:\/\/evenements.infopro-digital.com\/argus\/actu-formations\/\/app\/uploads\/2022\/06\/Miniature-webinaire-Actualite-protection-sociale-agents-publics.png","type":"image\/png"}],"twitter_card":"summary_large_image","twitter_misc":{"Written by":"ccourtial","Est. reading time":"1 minute"},"schema":{"@context":"https:\/\/schema.org","@graph":[{"@type":"WebSite","@id":"https:\/\/evenements.infopro-digital.com\/argus\/actu-formations\/#website","url":"https:\/\/evenements.infopro-digital.com\/argus\/actu-formations\/","name":"Formation argus","description":"Un site utilisant WordPress","potentialAction":[{"@type":"SearchAction","target":{"@type":"EntryPoint","urlTemplate":"https:\/\/evenements.infopro-digital.com\/argus\/actu-formations\/?s={search_term_string}"},"query-input":"required name=search_term_string"}],"inLanguage":"fr-FR"},{"@type":"ImageObject","inLanguage":"fr-FR","@id":"https:\/\/evenements.infopro-digital.com\/argus\/actu-formations\/2022\/06\/01\/revoir-le-webinaire-protection-sociale-des-agents-ou-en-est-on-03-05-22\/#primaryimage","url":"https:\/\/evenements.infopro-digital.com\/argus\/actu-formations\/\/app\/uploads\/2022\/06\/Miniature-webinaire-Actualite-protection-sociale-agents-publics.png","contentUrl":"https:\/\/evenements.infopro-digital.com\/argus\/actu-formations\/\/app\/uploads\/2022\/06\/Miniature-webinaire-Actualite-protection-sociale-agents-publics.png","width":948,"height":538},{"@type":"WebPage","@id":"https:\/\/evenements.infopro-digital.com\/argus\/actu-formations\/2022\/06\/01\/revoir-le-webinaire-protection-sociale-des-agents-ou-en-est-on-03-05-22\/#webpage","url":"https:\/\/evenements.infopro-digital.com\/argus\/actu-formations\/2022\/06\/01\/revoir-le-webinaire-protection-sociale-des-agents-ou-en-est-on-03-05-22\/","name":"[Replay webinaire] Protection sociale des agents : o\u00f9 en est-on ? (03\/05\/22) - Formation argus","isPartOf":{"@id":"https:\/\/evenements.infopro-digital.com\/argus\/actu-formations\/#website"},"primaryImageOfPage":{"@id":"https:\/\/evenements.infopro-digital.com\/argus\/actu-formations\/2022\/06\/01\/revoir-le-webinaire-protection-sociale-des-agents-ou-en-est-on-03-05-22\/#primaryimage"},"datePublished":"2022-06-01T12:57:00+00:00","dateModified":"2022-07-21T10:29:58+00:00","author":{"@id":"https:\/\/evenements.infopro-digital.com\/argus\/actu-formations\/#\/schema\/person\/69e9c01bd979d58648f5c0723a1cae71"},"breadcrumb":{"@id":"https:\/\/evenements.infopro-digital.com\/argus\/actu-formations\/2022\/06\/01\/revoir-le-webinaire-protection-sociale-des-agents-ou-en-est-on-03-05-22\/#breadcrumb"},"inLanguage":"fr-FR","potentialAction":[{"@type":"ReadAction","target":["https:\/\/evenements.infopro-digital.com\/argus\/actu-formations\/2022\/06\/01\/revoir-le-webinaire-protection-sociale-des-agents-ou-en-est-on-03-05-22\/"]}]},{"@type":"BreadcrumbList","@id":"https:\/\/evenements.infopro-digital.com\/argus\/actu-formations\/2022\/06\/01\/revoir-le-webinaire-protection-sociale-des-agents-ou-en-est-on-03-05-22\/#breadcrumb","itemListElement":[{"@type":"ListItem","position":1,"name":"Accueil","item":"https:\/\/evenements.infopro-digital.com\/argus\/actu-formations\/"},{"@type":"ListItem","position":2,"name":"[Replay webinaire] Protection sociale des agents : o\u00f9 en est-on ? (03\/05\/22)"}]},{"@type":"Person","@id":"https:\/\/evenements.infopro-digital.com\/argus\/actu-formations\/#\/schema\/person\/69e9c01bd979d58648f5c0723a1cae71","name":"ccourtial","url":"https:\/\/evenements.infopro-digital.com\/argus\/actu-formations\/author\/ccourtial\/"}]}},"_links":{"self":[{"href":"https:\/\/evenements.infopro-digital.com\/argus\/actu-formations\/wp-json\/wp\/v2\/posts\/376"}],"collection":[{"href":"https:\/\/evenements.infopro-digital.com\/argus\/actu-formations\/wp-json\/wp\/v2\/posts"}],"about":[{"href":"https:\/\/evenements.infopro-digital.com\/argus\/actu-formations\/wp-json\/wp\/v2\/types\/post"}],"author":[{"embeddable":true,"href":"https:\/\/evenements.infopro-digital.com\/argus\/actu-formations\/wp-json\/wp\/v2\/users\/2"}],"replies":[{"embeddable":true,"href":"https:\/\/evenements.infopro-digital.com\/argus\/actu-formations\/wp-json\/wp\/v2\/comments?post=376"}],"version-history":[{"count":6,"href":"https:\/\/evenements.infopro-digital.com\/argus\/actu-formations\/wp-json\/wp\/v2\/posts\/376\/revisions"}],"predecessor-version":[{"id":500,"href":"https:\/\/evenements.infopro-digital.com\/argus\/actu-formations\/wp-json\/wp\/v2\/posts\/376\/revisions\/500"}],"wp:featuredmedia":[{"embeddable":true,"href":"https:\/\/evenements.infopro-digital.com\/argus\/actu-formations\/wp-json\/wp\/v2\/media\/424"}],"wp:attachment":[{"href":"https:\/\/evenements.infopro-digital.com\/argus\/actu-formations\/wp-json\/wp\/v2\/media?parent=376"}],"wp:term":[{"taxonomy":"category","embeddable":true,"href":"https:\/\/evenements.infopro-digital.com\/argus\/actu-formations\/wp-json\/wp\/v2\/categories?post=376"},{"taxonomy":"post_tag","embeddable":true,"href":"https:\/\/evenements.infopro-digital.com\/argus\/actu-formations\/wp-json\/wp\/v2\/tags?post=376"}],"curies":[{"name":"wp","href":"https:\/\/api.w.org\/{rel}","templated":true}]}}