{"id":301,"date":"2022-01-26T09:23:00","date_gmt":"2022-01-26T08:23:00","guid":{"rendered":"https:\/\/evenements.infopro-digital.com\/achatpublic\/actu-formations\/?p=301"},"modified":"2022-04-05T14:23:53","modified_gmt":"2022-04-05T12:23:53","slug":"revoir-le-webinaire-impacts-des-lois-agec-et-climat-resilience-sur-le-metier-de-lacheteur-public-10-01-2022","status":"publish","type":"post","link":"https:\/\/evenements.infopro-digital.com\/achatpublic\/actu-formations\/2022\/01\/26\/revoir-le-webinaire-impacts-des-lois-agec-et-climat-resilience-sur-le-metier-de-lacheteur-public-10-01-2022\/","title":{"rendered":"Revoir le webinaire \u00ab\u00a0Impacts des lois AGEC et Climat &amp; R\u00e9silience sur le m\u00e9tier de l&rsquo;acheteur public\u00a0\u00bb (10\/01\/2022)"},"content":{"rendered":"<div  class=\"strate alignfull has-background-color-opacity-100\" style=\" background-position: 50% 50%;\"><div class=\"centrage\">\n\n<p class=\"has-medium-font-size\">Replay du webinaire diffus\u00e9 le 10 janvier 2022<br><br>A la faveur de la mont\u00e9e en puissance de l&rsquo;achat durable dans la r\u00e9glementation issue des lois AGEC et Climat &amp; R\u00e9silience, les acheteurs publics sont confront\u00e9s \u00e0 deux d\u00e9fis de taille afin de respecter : <br>&#8211; les obligations d&rsquo;achat en faveur de l&rsquo;\u00e9conomie circulaire s&rsquo;appliquant \u00e0 de nombreux domaines d&rsquo;achat pr\u00e9vues par la loi AGEC <br>&#8211; les obligations relatives aux clauses en faveur du d\u00e9veloppement durable (conditions ex\u00e9cution, crit\u00e8re&#8230;) \u00e0 pr\u00e9voir dans les march\u00e9s introduites par la loi Climat &amp; R\u00e9silience. <br><br>Ce webinaire vous permet notamment : <br>&#8211; de r\u00e9aliser un tour d&rsquo;horizon des diff\u00e9rentes obligations issues des lois AGEC et Climat &amp; R\u00e9silience <br>&#8211; d&rsquo;identifier les impacts majeurs sur les pratiques des acheteurs publics Anim\u00e9 par Romain TOURNEREAU, Responsable du service Coordination de l&rsquo;achat \u00e0 Brest M\u00e9tropole.<\/p>\n\n\n\n<figure class=\"wp-block-embed-youtube wp-block-embed is-type-video is-provider-youtube wp-embed-aspect-16-9 wp-has-aspect-ratio\"><div class=\"wp-block-embed__wrapper\">\n<iframe title=\"[Webinaire] Impacts des lois AGEC et Climat &amp; R\u00e9silience sur le m\u00e9tier de l&#039;acheteur public\" width=\"500\" height=\"281\" src=\"https:\/\/www.youtube-nocookie.com\/embed\/f_RnZbpOsM0?feature=oembed\" frameborder=\"0\" allow=\"accelerometer; autoplay; clipboard-write; encrypted-media; gyroscope; picture-in-picture\" allowfullscreen><\/iframe>\n<\/div><\/figure>\n\n<\/div><\/div>","protected":false},"excerpt":{"rendered":"<p>Revoir le webinaire du 10 janvier 2022 : Impacts des lois AGEC et Climat &amp; R\u00e9silience sur le m\u00e9tier de l&rsquo;acheteur public<\/p>\n","protected":false},"author":5,"featured_media":303,"comment_status":"open","ping_status":"open","sticky":false,"template":"","format":"standard","meta":{"custom_priority":""},"categories":[1],"tags":[],"yoast_head":"<!-- This site is optimized with the Yoast SEO plugin v18.9 - https:\/\/yoast.com\/wordpress\/plugins\/seo\/ -->\n<title>Revoir le webinaire &quot;Impacts des lois AGEC et Climat &amp; R\u00e9silience sur le m\u00e9tier de l&#039;acheteur public&quot; (10\/01\/2022) - Formation Achatpublic<\/title>\n<meta name=\"robots\" content=\"index, follow, max-snippet:-1, max-image-preview:large, max-video-preview:-1\" \/>\n<link rel=\"canonical\" href=\"https:\/\/evenements.infopro-digital.com\/achatpublic\/actu-formations\/2022\/01\/26\/revoir-le-webinaire-impacts-des-lois-agec-et-climat-resilience-sur-le-metier-de-lacheteur-public-10-01-2022\/\" \/>\n<meta property=\"og:locale\" content=\"fr_FR\" \/>\n<meta property=\"og:type\" content=\"article\" \/>\n<meta property=\"og:title\" content=\"Revoir le webinaire &quot;Impacts des lois AGEC et Climat &amp; R\u00e9silience sur le m\u00e9tier de l&#039;acheteur public&quot; (10\/01\/2022) - Formation Achatpublic\" \/>\n<meta property=\"og:description\" content=\"Revoir le webinaire du 10 janvier 2022 : Impacts des lois AGEC et Climat &amp; R\u00e9silience sur le m\u00e9tier de l&#039;acheteur public\" \/>\n<meta property=\"og:url\" content=\"https:\/\/evenements.infopro-digital.com\/achatpublic\/actu-formations\/2022\/01\/26\/revoir-le-webinaire-impacts-des-lois-agec-et-climat-resilience-sur-le-metier-de-lacheteur-public-10-01-2022\/\" \/>\n<meta property=\"og:site_name\" content=\"Formation Achatpublic\" \/>\n<meta property=\"article:published_time\" content=\"2022-01-26T08:23:00+00:00\" \/>\n<meta property=\"article:modified_time\" content=\"2022-04-05T12:23:53+00:00\" \/>\n<meta property=\"og:image\" content=\"https:\/\/evenements.infopro-digital.com\/achatpublic\/actu-formations\/\/app\/uploads\/sites\/4\/2022\/04\/Webinaire.png\" \/>\n\t<meta property=\"og:image:width\" content=\"500\" \/>\n\t<meta property=\"og:image:height\" content=\"500\" \/>\n\t<meta property=\"og:image:type\" content=\"image\/png\" \/>\n<meta name=\"twitter:card\" content=\"summary_large_image\" \/>\n<meta name=\"twitter:label1\" content=\"Written by\" \/>\n\t<meta name=\"twitter:data1\" content=\"fliogier\" \/>\n\t<meta name=\"twitter:label2\" content=\"Est. reading time\" \/>\n\t<meta name=\"twitter:data2\" content=\"1 minute\" \/>\n<script type=\"application\/ld+json\" class=\"yoast-schema-graph\">{\"@context\":\"https:\/\/schema.org\",\"@graph\":[{\"@type\":\"WebSite\",\"@id\":\"https:\/\/evenements.infopro-digital.com\/achatpublic\/actu-formations\/#website\",\"url\":\"https:\/\/evenements.infopro-digital.com\/achatpublic\/actu-formations\/\",\"name\":\"Formation Achatpublic\",\"description\":\"Un site utilisant Les sites de Formation argus\",\"potentialAction\":[{\"@type\":\"SearchAction\",\"target\":{\"@type\":\"EntryPoint\",\"urlTemplate\":\"https:\/\/evenements.infopro-digital.com\/achatpublic\/actu-formations\/?s={search_term_string}\"},\"query-input\":\"required name=search_term_string\"}],\"inLanguage\":\"fr-FR\"},{\"@type\":\"ImageObject\",\"inLanguage\":\"fr-FR\",\"@id\":\"https:\/\/evenements.infopro-digital.com\/achatpublic\/actu-formations\/2022\/01\/26\/revoir-le-webinaire-impacts-des-lois-agec-et-climat-resilience-sur-le-metier-de-lacheteur-public-10-01-2022\/#primaryimage\",\"url\":\"https:\/\/evenements.infopro-digital.com\/achatpublic\/actu-formations\/\/app\/uploads\/sites\/4\/2022\/04\/Webinaire.png\",\"contentUrl\":\"https:\/\/evenements.infopro-digital.com\/achatpublic\/actu-formations\/\/app\/uploads\/sites\/4\/2022\/04\/Webinaire.png\",\"width\":500,\"height\":500},{\"@type\":\"WebPage\",\"@id\":\"https:\/\/evenements.infopro-digital.com\/achatpublic\/actu-formations\/2022\/01\/26\/revoir-le-webinaire-impacts-des-lois-agec-et-climat-resilience-sur-le-metier-de-lacheteur-public-10-01-2022\/#webpage\",\"url\":\"https:\/\/evenements.infopro-digital.com\/achatpublic\/actu-formations\/2022\/01\/26\/revoir-le-webinaire-impacts-des-lois-agec-et-climat-resilience-sur-le-metier-de-lacheteur-public-10-01-2022\/\",\"name\":\"Revoir le webinaire \\\"Impacts des lois AGEC et Climat &amp; R\u00e9silience sur le m\u00e9tier de l'acheteur public\\\" (10\/01\/2022) - Formation Achatpublic\",\"isPartOf\":{\"@id\":\"https:\/\/evenements.infopro-digital.com\/achatpublic\/actu-formations\/#website\"},\"primaryImageOfPage\":{\"@id\":\"https:\/\/evenements.infopro-digital.com\/achatpublic\/actu-formations\/2022\/01\/26\/revoir-le-webinaire-impacts-des-lois-agec-et-climat-resilience-sur-le-metier-de-lacheteur-public-10-01-2022\/#primaryimage\"},\"datePublished\":\"2022-01-26T08:23:00+00:00\",\"dateModified\":\"2022-04-05T12:23:53+00:00\",\"author\":{\"@id\":\"https:\/\/evenements.infopro-digital.com\/achatpublic\/actu-formations\/#\/schema\/person\/6fd6bddff433f2a84292e7fee7bc1cdc\"},\"breadcrumb\":{\"@id\":\"https:\/\/evenements.infopro-digital.com\/achatpublic\/actu-formations\/2022\/01\/26\/revoir-le-webinaire-impacts-des-lois-agec-et-climat-resilience-sur-le-metier-de-lacheteur-public-10-01-2022\/#breadcrumb\"},\"inLanguage\":\"fr-FR\",\"potentialAction\":[{\"@type\":\"ReadAction\",\"target\":[\"https:\/\/evenements.infopro-digital.com\/achatpublic\/actu-formations\/2022\/01\/26\/revoir-le-webinaire-impacts-des-lois-agec-et-climat-resilience-sur-le-metier-de-lacheteur-public-10-01-2022\/\"]}]},{\"@type\":\"BreadcrumbList\",\"@id\":\"https:\/\/evenements.infopro-digital.com\/achatpublic\/actu-formations\/2022\/01\/26\/revoir-le-webinaire-impacts-des-lois-agec-et-climat-resilience-sur-le-metier-de-lacheteur-public-10-01-2022\/#breadcrumb\",\"itemListElement\":[{\"@type\":\"ListItem\",\"position\":1,\"name\":\"Accueil\",\"item\":\"https:\/\/evenements.infopro-digital.com\/achatpublic\/actu-formations\/\"},{\"@type\":\"ListItem\",\"position\":2,\"name\":\"Revoir le webinaire \u00ab\u00a0Impacts des lois AGEC et Climat &amp; R\u00e9silience sur le m\u00e9tier de l&rsquo;acheteur public\u00a0\u00bb (10\/01\/2022)\"}]},{\"@type\":\"Person\",\"@id\":\"https:\/\/evenements.infopro-digital.com\/achatpublic\/actu-formations\/#\/schema\/person\/6fd6bddff433f2a84292e7fee7bc1cdc\",\"name\":\"fliogier\",\"url\":\"https:\/\/evenements.infopro-digital.com\/achatpublic\/actu-formations\/author\/fliogier\/\"}]}<\/script>\n<!-- \/ Yoast SEO plugin. -->","yoast_head_json":{"title":"Revoir le webinaire \"Impacts des lois AGEC et Climat &amp; R\u00e9silience sur le m\u00e9tier de l'acheteur public\" (10\/01\/2022) - Formation Achatpublic","robots":{"index":"index","follow":"follow","max-snippet":"max-snippet:-1","max-image-preview":"max-image-preview:large","max-video-preview":"max-video-preview:-1"},"canonical":"https:\/\/evenements.infopro-digital.com\/achatpublic\/actu-formations\/2022\/01\/26\/revoir-le-webinaire-impacts-des-lois-agec-et-climat-resilience-sur-le-metier-de-lacheteur-public-10-01-2022\/","og_locale":"fr_FR","og_type":"article","og_title":"Revoir le webinaire \"Impacts des lois AGEC et Climat &amp; R\u00e9silience sur le m\u00e9tier de l'acheteur public\" (10\/01\/2022) - Formation Achatpublic","og_description":"Revoir le webinaire du 10 janvier 2022 : Impacts des lois AGEC et Climat &amp; R\u00e9silience sur le m\u00e9tier de l'acheteur public","og_url":"https:\/\/evenements.infopro-digital.com\/achatpublic\/actu-formations\/2022\/01\/26\/revoir-le-webinaire-impacts-des-lois-agec-et-climat-resilience-sur-le-metier-de-lacheteur-public-10-01-2022\/","og_site_name":"Formation Achatpublic","article_published_time":"2022-01-26T08:23:00+00:00","article_modified_time":"2022-04-05T12:23:53+00:00","og_image":[{"width":500,"height":500,"url":"https:\/\/evenements.infopro-digital.com\/achatpublic\/actu-formations\/\/app\/uploads\/sites\/4\/2022\/04\/Webinaire.png","type":"image\/png"}],"twitter_card":"summary_large_image","twitter_misc":{"Written by":"fliogier","Est. reading time":"1 minute"},"schema":{"@context":"https:\/\/schema.org","@graph":[{"@type":"WebSite","@id":"https:\/\/evenements.infopro-digital.com\/achatpublic\/actu-formations\/#website","url":"https:\/\/evenements.infopro-digital.com\/achatpublic\/actu-formations\/","name":"Formation Achatpublic","description":"Un site utilisant Les sites de Formation argus","potentialAction":[{"@type":"SearchAction","target":{"@type":"EntryPoint","urlTemplate":"https:\/\/evenements.infopro-digital.com\/achatpublic\/actu-formations\/?s={search_term_string}"},"query-input":"required name=search_term_string"}],"inLanguage":"fr-FR"},{"@type":"ImageObject","inLanguage":"fr-FR","@id":"https:\/\/evenements.infopro-digital.com\/achatpublic\/actu-formations\/2022\/01\/26\/revoir-le-webinaire-impacts-des-lois-agec-et-climat-resilience-sur-le-metier-de-lacheteur-public-10-01-2022\/#primaryimage","url":"https:\/\/evenements.infopro-digital.com\/achatpublic\/actu-formations\/\/app\/uploads\/sites\/4\/2022\/04\/Webinaire.png","contentUrl":"https:\/\/evenements.infopro-digital.com\/achatpublic\/actu-formations\/\/app\/uploads\/sites\/4\/2022\/04\/Webinaire.png","width":500,"height":500},{"@type":"WebPage","@id":"https:\/\/evenements.infopro-digital.com\/achatpublic\/actu-formations\/2022\/01\/26\/revoir-le-webinaire-impacts-des-lois-agec-et-climat-resilience-sur-le-metier-de-lacheteur-public-10-01-2022\/#webpage","url":"https:\/\/evenements.infopro-digital.com\/achatpublic\/actu-formations\/2022\/01\/26\/revoir-le-webinaire-impacts-des-lois-agec-et-climat-resilience-sur-le-metier-de-lacheteur-public-10-01-2022\/","name":"Revoir le webinaire \"Impacts des lois AGEC et Climat &amp; R\u00e9silience sur le m\u00e9tier de l'acheteur public\" (10\/01\/2022) - Formation Achatpublic","isPartOf":{"@id":"https:\/\/evenements.infopro-digital.com\/achatpublic\/actu-formations\/#website"},"primaryImageOfPage":{"@id":"https:\/\/evenements.infopro-digital.com\/achatpublic\/actu-formations\/2022\/01\/26\/revoir-le-webinaire-impacts-des-lois-agec-et-climat-resilience-sur-le-metier-de-lacheteur-public-10-01-2022\/#primaryimage"},"datePublished":"2022-01-26T08:23:00+00:00","dateModified":"2022-04-05T12:23:53+00:00","author":{"@id":"https:\/\/evenements.infopro-digital.com\/achatpublic\/actu-formations\/#\/schema\/person\/6fd6bddff433f2a84292e7fee7bc1cdc"},"breadcrumb":{"@id":"https:\/\/evenements.infopro-digital.com\/achatpublic\/actu-formations\/2022\/01\/26\/revoir-le-webinaire-impacts-des-lois-agec-et-climat-resilience-sur-le-metier-de-lacheteur-public-10-01-2022\/#breadcrumb"},"inLanguage":"fr-FR","potentialAction":[{"@type":"ReadAction","target":["https:\/\/evenements.infopro-digital.com\/achatpublic\/actu-formations\/2022\/01\/26\/revoir-le-webinaire-impacts-des-lois-agec-et-climat-resilience-sur-le-metier-de-lacheteur-public-10-01-2022\/"]}]},{"@type":"BreadcrumbList","@id":"https:\/\/evenements.infopro-digital.com\/achatpublic\/actu-formations\/2022\/01\/26\/revoir-le-webinaire-impacts-des-lois-agec-et-climat-resilience-sur-le-metier-de-lacheteur-public-10-01-2022\/#breadcrumb","itemListElement":[{"@type":"ListItem","position":1,"name":"Accueil","item":"https:\/\/evenements.infopro-digital.com\/achatpublic\/actu-formations\/"},{"@type":"ListItem","position":2,"name":"Revoir le webinaire \u00ab\u00a0Impacts des lois AGEC et Climat &amp; R\u00e9silience sur le m\u00e9tier de l&rsquo;acheteur public\u00a0\u00bb (10\/01\/2022)"}]},{"@type":"Person","@id":"https:\/\/evenements.infopro-digital.com\/achatpublic\/actu-formations\/#\/schema\/person\/6fd6bddff433f2a84292e7fee7bc1cdc","name":"fliogier","url":"https:\/\/evenements.infopro-digital.com\/achatpublic\/actu-formations\/author\/fliogier\/"}]}},"_links":{"self":[{"href":"https:\/\/evenements.infopro-digital.com\/achatpublic\/actu-formations\/wp-json\/wp\/v2\/posts\/301"}],"collection":[{"href":"https:\/\/evenements.infopro-digital.com\/achatpublic\/actu-formations\/wp-json\/wp\/v2\/posts"}],"about":[{"href":"https:\/\/evenements.infopro-digital.com\/achatpublic\/actu-formations\/wp-json\/wp\/v2\/types\/post"}],"author":[{"embeddable":true,"href":"https:\/\/evenements.infopro-digital.com\/achatpublic\/actu-formations\/wp-json\/wp\/v2\/users\/5"}],"replies":[{"embeddable":true,"href":"https:\/\/evenements.infopro-digital.com\/achatpublic\/actu-formations\/wp-json\/wp\/v2\/comments?post=301"}],"version-history":[{"count":2,"href":"https:\/\/evenements.infopro-digital.com\/achatpublic\/actu-formations\/wp-json\/wp\/v2\/posts\/301\/revisions"}],"predecessor-version":[{"id":881,"href":"https:\/\/evenements.infopro-digital.com\/achatpublic\/actu-formations\/wp-json\/wp\/v2\/posts\/301\/revisions\/881"}],"wp:featuredmedia":[{"embeddable":true,"href":"https:\/\/evenements.infopro-digital.com\/achatpublic\/actu-formations\/wp-json\/wp\/v2\/media\/303"}],"wp:attachment":[{"href":"https:\/\/evenements.infopro-digital.com\/achatpublic\/actu-formations\/wp-json\/wp\/v2\/media?parent=301"}],"wp:term":[{"taxonomy":"category","embeddable":true,"href":"https:\/\/evenements.infopro-digital.com\/achatpublic\/actu-formations\/wp-json\/wp\/v2\/categories?post=301"},{"taxonomy":"post_tag","embeddable":true,"href":"https:\/\/evenements.infopro-digital.com\/achatpublic\/actu-formations\/wp-json\/wp\/v2\/tags?post=301"}],"curies":[{"name":"wp","href":"https:\/\/api.w.org\/{rel}","templated":true}]}}