{"id":1402,"date":"2024-01-31T11:09:06","date_gmt":"2024-01-31T10:09:06","guid":{"rendered":"https:\/\/evenements.infopro-digital.com\/achatpublic\/actu-formations\/?p=1402"},"modified":"2024-01-31T11:23:21","modified_gmt":"2024-01-31T10:23:21","slug":"revoir-le-webinaire-integration-des-donnees-de-recensement-economique-de-lachat-public-au-sein-des-donnees-essentielles-26-01-2024","status":"publish","type":"post","link":"https:\/\/evenements.infopro-digital.com\/achatpublic\/actu-formations\/2024\/01\/31\/revoir-le-webinaire-integration-des-donnees-de-recensement-economique-de-lachat-public-au-sein-des-donnees-essentielles-26-01-2024\/","title":{"rendered":"Revoir le webinaire \u00ab\u00a0Int\u00e9gration des donn\u00e9es de recensement \u00e9conomique de l&rsquo;achat public au sein des donn\u00e9es essentielles\u00a0\u00bb (26\/01\/2024)"},"content":{"rendered":"<div  class=\"strate alignfull has-background-color-opacity-100\" style=\" background-position: 50% 50%;\"><div class=\"centrage\">\n\n<p class=\"has-medium-font-size\">Replay du webinaire diffus\u00e9 le 26 janvier 2024<\/p>\n\n\n\n<p>Le 1er janvier 2024 est entr\u00e9e en vigueur la r\u00e9forme sur les donn\u00e9es essentielles et celles de recensement concernant les march\u00e9s \u00e0 partir de 40 000 euros HT.<br>Un passage de 23 \u00e0 45 donn\u00e9es essentielles int\u00e9grant d\u00e9sormais une partie des 55 donn\u00e9es \u00e9conomique de recensement de la commande publique, au sein d\u2019une seule et m\u00eame d\u00e9claration.<\/p>\n\n\n\n<p>&#8211; Quelles sont les donn\u00e9es de la commande publique ?<br>&#8211; O\u00f9 en est l\u2019ouverture des donn\u00e9es de la commande publique ?<br>&#8211; Par quels canaux les acheteurs publient-ils leurs donn\u00e9es ?<br>&#8211; Quels sont les enjeux de cette r\u00e9forme, et les opportunit\u00e9s qu\u2019elle vous offre \u00e0 vous, entreprises soumissionnaires ?<br>&#8211; Et notamment, comment exploiter et valoriser ces donn\u00e9es ?<\/p>\n\n\n\n<p>Ce sont les sujets que nous avons abord\u00e9s Emeline Vandeven de la SCOP DATACTIVIST, Pure Player de l\u2019open data, qui accompagne ses clients \u00e0 travers des activit\u00e9s de conseil et de m\u00e9diation pour accompagner la r\u00e9utilisation de donn\u00e9es par un public de sp\u00e9cialistes ou de novices.<\/p>\n\n\n\n<ul><li><a href=\"https:\/\/evenements.infopro-digital.com\/achatpublic-prive\/formation-sourcing-entreprise-p-11644\">Le sourcing : une opportunit\u00e9 pour les entreprises<\/a><\/li><\/ul>\n\n\n\n<figure class=\"wp-block-embed-youtube wp-block-embed is-type-video is-provider-youtube wp-embed-aspect-16-9 wp-has-aspect-ratio\"><div class=\"wp-block-embed__wrapper\">\n<iframe title=\"Int\u00e9gration des donn\u00e9es de recensement \u00e9conomique de l&#039;achat public au sein des donn\u00e9es essentielles\" width=\"500\" height=\"281\" src=\"https:\/\/www.youtube-nocookie.com\/embed\/kWlBTjdQyNo?feature=oembed\" frameborder=\"0\" allow=\"accelerometer; autoplay; clipboard-write; encrypted-media; gyroscope; picture-in-picture; web-share\" allowfullscreen><\/iframe>\n<\/div><\/figure>\n\n<\/div><\/div>\n\n\n<p><a href=\"https:\/\/evenements.infopro-digital.com\/achatpublic\/actu-formations\/\/app\/uploads\/sites\/4\/2024\/01\/Webinaire-APC_DE_260124.pdf\" target=\"_blank\" rel=\"noreferrer noopener\">T\u00e9l\u00e9charger le support<\/a><\/p>\n","protected":false},"excerpt":{"rendered":"<p>Revoir le webinaire \u00ab\u00a0Ren\u00e9gocier vos contrats en cours d\u2019ex\u00e9cution : un d\u00e9fi pour l&rsquo;entreprise\u00a0\u00bb<\/p>\n","protected":false},"author":9,"featured_media":510,"comment_status":"open","ping_status":"open","sticky":false,"template":"","format":"standard","meta":{"custom_priority":""},"categories":[1],"tags":[],"yoast_head":"<!-- This site is optimized with the Yoast SEO plugin v18.9 - https:\/\/yoast.com\/wordpress\/plugins\/seo\/ -->\n<title>Revoir le webinaire &quot;Int\u00e9gration des donn\u00e9es de recensement \u00e9conomique de l&#039;achat public au sein des donn\u00e9es essentielles&quot; (26\/01\/2024) - Formation Achatpublic<\/title>\n<meta name=\"description\" content=\"Acc\u00e9dez au replay du webinaire &quot;R\u00e9pondre aux crit\u00e8res RSE exig\u00e9s dans les appels d&#039;offres publics&quot; et d\u00e9couvrez nos formations associ\u00e9es\" \/>\n<meta name=\"robots\" content=\"index, follow, max-snippet:-1, max-image-preview:large, max-video-preview:-1\" \/>\n<link rel=\"canonical\" href=\"https:\/\/evenements.infopro-digital.com\/achatpublic\/actu-formations\/2024\/01\/31\/revoir-le-webinaire-integration-des-donnees-de-recensement-economique-de-lachat-public-au-sein-des-donnees-essentielles-26-01-2024\/\" \/>\n<meta property=\"og:locale\" content=\"fr_FR\" \/>\n<meta property=\"og:type\" content=\"article\" \/>\n<meta property=\"og:title\" content=\"Revoir le webinaire &quot;Int\u00e9gration des donn\u00e9es de recensement \u00e9conomique de l&#039;achat public au sein des donn\u00e9es essentielles&quot; (26\/01\/2024) - Formation Achatpublic\" \/>\n<meta property=\"og:description\" content=\"Acc\u00e9dez au replay du webinaire &quot;R\u00e9pondre aux crit\u00e8res RSE exig\u00e9s dans les appels d&#039;offres publics&quot; et d\u00e9couvrez nos formations associ\u00e9es\" \/>\n<meta property=\"og:url\" content=\"https:\/\/evenements.infopro-digital.com\/achatpublic\/actu-formations\/2024\/01\/31\/revoir-le-webinaire-integration-des-donnees-de-recensement-economique-de-lachat-public-au-sein-des-donnees-essentielles-26-01-2024\/\" \/>\n<meta property=\"og:site_name\" content=\"Formation Achatpublic\" \/>\n<meta property=\"article:published_time\" content=\"2024-01-31T10:09:06+00:00\" \/>\n<meta property=\"article:modified_time\" content=\"2024-01-31T10:23:21+00:00\" \/>\n<meta property=\"og:image\" content=\"https:\/\/evenements.infopro-digital.com\/achatpublic\/actu-formations\/\/app\/uploads\/sites\/4\/2022\/05\/buyer.png\" \/>\n\t<meta property=\"og:image:width\" content=\"500\" \/>\n\t<meta property=\"og:image:height\" content=\"500\" \/>\n\t<meta property=\"og:image:type\" content=\"image\/png\" \/>\n<meta name=\"twitter:card\" content=\"summary_large_image\" \/>\n<meta name=\"twitter:label1\" content=\"Written by\" \/>\n\t<meta name=\"twitter:data1\" content=\"bornachot\" \/>\n\t<meta name=\"twitter:label2\" content=\"Est. reading time\" \/>\n\t<meta name=\"twitter:data2\" content=\"1 minute\" \/>\n<script type=\"application\/ld+json\" class=\"yoast-schema-graph\">{\"@context\":\"https:\/\/schema.org\",\"@graph\":[{\"@type\":\"WebSite\",\"@id\":\"https:\/\/evenements.infopro-digital.com\/achatpublic\/actu-formations\/#website\",\"url\":\"https:\/\/evenements.infopro-digital.com\/achatpublic\/actu-formations\/\",\"name\":\"Formation Achatpublic\",\"description\":\"Un site utilisant Les sites de Formation argus\",\"potentialAction\":[{\"@type\":\"SearchAction\",\"target\":{\"@type\":\"EntryPoint\",\"urlTemplate\":\"https:\/\/evenements.infopro-digital.com\/achatpublic\/actu-formations\/?s={search_term_string}\"},\"query-input\":\"required name=search_term_string\"}],\"inLanguage\":\"fr-FR\"},{\"@type\":\"ImageObject\",\"inLanguage\":\"fr-FR\",\"@id\":\"https:\/\/evenements.infopro-digital.com\/achatpublic\/actu-formations\/2024\/01\/31\/revoir-le-webinaire-integration-des-donnees-de-recensement-economique-de-lachat-public-au-sein-des-donnees-essentielles-26-01-2024\/#primaryimage\",\"url\":\"https:\/\/evenements.infopro-digital.com\/achatpublic\/actu-formations\/\/app\/uploads\/sites\/4\/2022\/05\/buyer.png\",\"contentUrl\":\"https:\/\/evenements.infopro-digital.com\/achatpublic\/actu-formations\/\/app\/uploads\/sites\/4\/2022\/05\/buyer.png\",\"width\":500,\"height\":500},{\"@type\":\"WebPage\",\"@id\":\"https:\/\/evenements.infopro-digital.com\/achatpublic\/actu-formations\/2024\/01\/31\/revoir-le-webinaire-integration-des-donnees-de-recensement-economique-de-lachat-public-au-sein-des-donnees-essentielles-26-01-2024\/#webpage\",\"url\":\"https:\/\/evenements.infopro-digital.com\/achatpublic\/actu-formations\/2024\/01\/31\/revoir-le-webinaire-integration-des-donnees-de-recensement-economique-de-lachat-public-au-sein-des-donnees-essentielles-26-01-2024\/\",\"name\":\"Revoir le webinaire \\\"Int\u00e9gration des donn\u00e9es de recensement \u00e9conomique de l'achat public au sein des donn\u00e9es essentielles\\\" (26\/01\/2024) - Formation Achatpublic\",\"isPartOf\":{\"@id\":\"https:\/\/evenements.infopro-digital.com\/achatpublic\/actu-formations\/#website\"},\"primaryImageOfPage\":{\"@id\":\"https:\/\/evenements.infopro-digital.com\/achatpublic\/actu-formations\/2024\/01\/31\/revoir-le-webinaire-integration-des-donnees-de-recensement-economique-de-lachat-public-au-sein-des-donnees-essentielles-26-01-2024\/#primaryimage\"},\"datePublished\":\"2024-01-31T10:09:06+00:00\",\"dateModified\":\"2024-01-31T10:23:21+00:00\",\"author\":{\"@id\":\"https:\/\/evenements.infopro-digital.com\/achatpublic\/actu-formations\/#\/schema\/person\/1491709e8bcb611ea38509b2f483f917\"},\"description\":\"Acc\u00e9dez au replay du webinaire \\\"R\u00e9pondre aux crit\u00e8res RSE exig\u00e9s dans les appels d'offres publics\\\" et d\u00e9couvrez nos formations associ\u00e9es\",\"breadcrumb\":{\"@id\":\"https:\/\/evenements.infopro-digital.com\/achatpublic\/actu-formations\/2024\/01\/31\/revoir-le-webinaire-integration-des-donnees-de-recensement-economique-de-lachat-public-au-sein-des-donnees-essentielles-26-01-2024\/#breadcrumb\"},\"inLanguage\":\"fr-FR\",\"potentialAction\":[{\"@type\":\"ReadAction\",\"target\":[\"https:\/\/evenements.infopro-digital.com\/achatpublic\/actu-formations\/2024\/01\/31\/revoir-le-webinaire-integration-des-donnees-de-recensement-economique-de-lachat-public-au-sein-des-donnees-essentielles-26-01-2024\/\"]}]},{\"@type\":\"BreadcrumbList\",\"@id\":\"https:\/\/evenements.infopro-digital.com\/achatpublic\/actu-formations\/2024\/01\/31\/revoir-le-webinaire-integration-des-donnees-de-recensement-economique-de-lachat-public-au-sein-des-donnees-essentielles-26-01-2024\/#breadcrumb\",\"itemListElement\":[{\"@type\":\"ListItem\",\"position\":1,\"name\":\"Accueil\",\"item\":\"https:\/\/evenements.infopro-digital.com\/achatpublic\/actu-formations\/\"},{\"@type\":\"ListItem\",\"position\":2,\"name\":\"Revoir le webinaire \u00ab\u00a0Int\u00e9gration des donn\u00e9es de recensement \u00e9conomique de l&rsquo;achat public au sein des donn\u00e9es essentielles\u00a0\u00bb (26\/01\/2024)\"}]},{\"@type\":\"Person\",\"@id\":\"https:\/\/evenements.infopro-digital.com\/achatpublic\/actu-formations\/#\/schema\/person\/1491709e8bcb611ea38509b2f483f917\",\"name\":\"bornachot\",\"url\":\"https:\/\/evenements.infopro-digital.com\/achatpublic\/actu-formations\/author\/bornachot\/\"}]}<\/script>\n<!-- \/ Yoast SEO plugin. -->","yoast_head_json":{"title":"Revoir le webinaire \"Int\u00e9gration des donn\u00e9es de recensement \u00e9conomique de l'achat public au sein des donn\u00e9es essentielles\" (26\/01\/2024) - Formation Achatpublic","description":"Acc\u00e9dez au replay du webinaire \"R\u00e9pondre aux crit\u00e8res RSE exig\u00e9s dans les appels d'offres publics\" et d\u00e9couvrez nos formations associ\u00e9es","robots":{"index":"index","follow":"follow","max-snippet":"max-snippet:-1","max-image-preview":"max-image-preview:large","max-video-preview":"max-video-preview:-1"},"canonical":"https:\/\/evenements.infopro-digital.com\/achatpublic\/actu-formations\/2024\/01\/31\/revoir-le-webinaire-integration-des-donnees-de-recensement-economique-de-lachat-public-au-sein-des-donnees-essentielles-26-01-2024\/","og_locale":"fr_FR","og_type":"article","og_title":"Revoir le webinaire \"Int\u00e9gration des donn\u00e9es de recensement \u00e9conomique de l'achat public au sein des donn\u00e9es essentielles\" (26\/01\/2024) - Formation Achatpublic","og_description":"Acc\u00e9dez au replay du webinaire \"R\u00e9pondre aux crit\u00e8res RSE exig\u00e9s dans les appels d'offres publics\" et d\u00e9couvrez nos formations associ\u00e9es","og_url":"https:\/\/evenements.infopro-digital.com\/achatpublic\/actu-formations\/2024\/01\/31\/revoir-le-webinaire-integration-des-donnees-de-recensement-economique-de-lachat-public-au-sein-des-donnees-essentielles-26-01-2024\/","og_site_name":"Formation Achatpublic","article_published_time":"2024-01-31T10:09:06+00:00","article_modified_time":"2024-01-31T10:23:21+00:00","og_image":[{"width":500,"height":500,"url":"https:\/\/evenements.infopro-digital.com\/achatpublic\/actu-formations\/\/app\/uploads\/sites\/4\/2022\/05\/buyer.png","type":"image\/png"}],"twitter_card":"summary_large_image","twitter_misc":{"Written by":"bornachot","Est. reading time":"1 minute"},"schema":{"@context":"https:\/\/schema.org","@graph":[{"@type":"WebSite","@id":"https:\/\/evenements.infopro-digital.com\/achatpublic\/actu-formations\/#website","url":"https:\/\/evenements.infopro-digital.com\/achatpublic\/actu-formations\/","name":"Formation Achatpublic","description":"Un site utilisant Les sites de Formation argus","potentialAction":[{"@type":"SearchAction","target":{"@type":"EntryPoint","urlTemplate":"https:\/\/evenements.infopro-digital.com\/achatpublic\/actu-formations\/?s={search_term_string}"},"query-input":"required name=search_term_string"}],"inLanguage":"fr-FR"},{"@type":"ImageObject","inLanguage":"fr-FR","@id":"https:\/\/evenements.infopro-digital.com\/achatpublic\/actu-formations\/2024\/01\/31\/revoir-le-webinaire-integration-des-donnees-de-recensement-economique-de-lachat-public-au-sein-des-donnees-essentielles-26-01-2024\/#primaryimage","url":"https:\/\/evenements.infopro-digital.com\/achatpublic\/actu-formations\/\/app\/uploads\/sites\/4\/2022\/05\/buyer.png","contentUrl":"https:\/\/evenements.infopro-digital.com\/achatpublic\/actu-formations\/\/app\/uploads\/sites\/4\/2022\/05\/buyer.png","width":500,"height":500},{"@type":"WebPage","@id":"https:\/\/evenements.infopro-digital.com\/achatpublic\/actu-formations\/2024\/01\/31\/revoir-le-webinaire-integration-des-donnees-de-recensement-economique-de-lachat-public-au-sein-des-donnees-essentielles-26-01-2024\/#webpage","url":"https:\/\/evenements.infopro-digital.com\/achatpublic\/actu-formations\/2024\/01\/31\/revoir-le-webinaire-integration-des-donnees-de-recensement-economique-de-lachat-public-au-sein-des-donnees-essentielles-26-01-2024\/","name":"Revoir le webinaire \"Int\u00e9gration des donn\u00e9es de recensement \u00e9conomique de l'achat public au sein des donn\u00e9es essentielles\" (26\/01\/2024) - Formation Achatpublic","isPartOf":{"@id":"https:\/\/evenements.infopro-digital.com\/achatpublic\/actu-formations\/#website"},"primaryImageOfPage":{"@id":"https:\/\/evenements.infopro-digital.com\/achatpublic\/actu-formations\/2024\/01\/31\/revoir-le-webinaire-integration-des-donnees-de-recensement-economique-de-lachat-public-au-sein-des-donnees-essentielles-26-01-2024\/#primaryimage"},"datePublished":"2024-01-31T10:09:06+00:00","dateModified":"2024-01-31T10:23:21+00:00","author":{"@id":"https:\/\/evenements.infopro-digital.com\/achatpublic\/actu-formations\/#\/schema\/person\/1491709e8bcb611ea38509b2f483f917"},"description":"Acc\u00e9dez au replay du webinaire \"R\u00e9pondre aux crit\u00e8res RSE exig\u00e9s dans les appels d'offres publics\" et d\u00e9couvrez nos formations associ\u00e9es","breadcrumb":{"@id":"https:\/\/evenements.infopro-digital.com\/achatpublic\/actu-formations\/2024\/01\/31\/revoir-le-webinaire-integration-des-donnees-de-recensement-economique-de-lachat-public-au-sein-des-donnees-essentielles-26-01-2024\/#breadcrumb"},"inLanguage":"fr-FR","potentialAction":[{"@type":"ReadAction","target":["https:\/\/evenements.infopro-digital.com\/achatpublic\/actu-formations\/2024\/01\/31\/revoir-le-webinaire-integration-des-donnees-de-recensement-economique-de-lachat-public-au-sein-des-donnees-essentielles-26-01-2024\/"]}]},{"@type":"BreadcrumbList","@id":"https:\/\/evenements.infopro-digital.com\/achatpublic\/actu-formations\/2024\/01\/31\/revoir-le-webinaire-integration-des-donnees-de-recensement-economique-de-lachat-public-au-sein-des-donnees-essentielles-26-01-2024\/#breadcrumb","itemListElement":[{"@type":"ListItem","position":1,"name":"Accueil","item":"https:\/\/evenements.infopro-digital.com\/achatpublic\/actu-formations\/"},{"@type":"ListItem","position":2,"name":"Revoir le webinaire \u00ab\u00a0Int\u00e9gration des donn\u00e9es de recensement \u00e9conomique de l&rsquo;achat public au sein des donn\u00e9es essentielles\u00a0\u00bb (26\/01\/2024)"}]},{"@type":"Person","@id":"https:\/\/evenements.infopro-digital.com\/achatpublic\/actu-formations\/#\/schema\/person\/1491709e8bcb611ea38509b2f483f917","name":"bornachot","url":"https:\/\/evenements.infopro-digital.com\/achatpublic\/actu-formations\/author\/bornachot\/"}]}},"_links":{"self":[{"href":"https:\/\/evenements.infopro-digital.com\/achatpublic\/actu-formations\/wp-json\/wp\/v2\/posts\/1402"}],"collection":[{"href":"https:\/\/evenements.infopro-digital.com\/achatpublic\/actu-formations\/wp-json\/wp\/v2\/posts"}],"about":[{"href":"https:\/\/evenements.infopro-digital.com\/achatpublic\/actu-formations\/wp-json\/wp\/v2\/types\/post"}],"author":[{"embeddable":true,"href":"https:\/\/evenements.infopro-digital.com\/achatpublic\/actu-formations\/wp-json\/wp\/v2\/users\/9"}],"replies":[{"embeddable":true,"href":"https:\/\/evenements.infopro-digital.com\/achatpublic\/actu-formations\/wp-json\/wp\/v2\/comments?post=1402"}],"version-history":[{"count":2,"href":"https:\/\/evenements.infopro-digital.com\/achatpublic\/actu-formations\/wp-json\/wp\/v2\/posts\/1402\/revisions"}],"predecessor-version":[{"id":1405,"href":"https:\/\/evenements.infopro-digital.com\/achatpublic\/actu-formations\/wp-json\/wp\/v2\/posts\/1402\/revisions\/1405"}],"wp:featuredmedia":[{"embeddable":true,"href":"https:\/\/evenements.infopro-digital.com\/achatpublic\/actu-formations\/wp-json\/wp\/v2\/media\/510"}],"wp:attachment":[{"href":"https:\/\/evenements.infopro-digital.com\/achatpublic\/actu-formations\/wp-json\/wp\/v2\/media?parent=1402"}],"wp:term":[{"taxonomy":"category","embeddable":true,"href":"https:\/\/evenements.infopro-digital.com\/achatpublic\/actu-formations\/wp-json\/wp\/v2\/categories?post=1402"},{"taxonomy":"post_tag","embeddable":true,"href":"https:\/\/evenements.infopro-digital.com\/achatpublic\/actu-formations\/wp-json\/wp\/v2\/tags?post=1402"}],"curies":[{"name":"wp","href":"https:\/\/api.w.org\/{rel}","templated":true}]}}