{"id":1208,"date":"2023-09-22T11:38:29","date_gmt":"2023-09-22T09:38:29","guid":{"rendered":"https:\/\/evenements.infopro-digital.com\/achatpublic\/actu-formations\/?p=1208"},"modified":"2023-09-25T15:42:48","modified_gmt":"2023-09-25T13:42:48","slug":"revoir-le-webinaire-clauses-sociales-mobiliser-les-bons-outils-pour-realiser-un-sourcing-inclusif-15-09-2023","status":"publish","type":"post","link":"https:\/\/evenements.infopro-digital.com\/achatpublic\/actu-formations\/2023\/09\/22\/revoir-le-webinaire-clauses-sociales-mobiliser-les-bons-outils-pour-realiser-un-sourcing-inclusif-15-09-2023\/","title":{"rendered":"Revoir le webinaire \u00ab\u00a0Clauses sociales : Mobiliser les bons outils pour r\u00e9aliser un sourcing inclusif\u00a0\u00bb (15\/09\/2023)"},"content":{"rendered":"<div  class=\"strate alignfull has-background-color-opacity-100\" style=\" background-position: 50% 50%;\"><div class=\"centrage\">\n\n<p class=\"has-medium-font-size\">Replay du webinaire diffus\u00e9 le 15 septembre 2023<\/p>\n\n\n\n<p>Entreprises, vous souhaitez augmenter votre collaboration avec le secteur inclusif et vos chances de remporter des contrats ?<br>Entreprises du secteur inclusif vous souhaitez \u00eatre mieux identifi\u00e9s pour des collaborations futures ?<br>Acheteurs vous souhaitez optimiser votre strat\u00e9gie de sourcing inclusif ?<\/p>\n\n\n\n<p>Alors ne manquez pas ce webinaire informatif et interactif au cours duquel, vous d\u00e9couvrirez les meilleures pratiques pour mobiliser des partenaires dans le cadre de l&rsquo;acc\u00e8s aux march\u00e9s publics socialement responsables.<\/p>\n\n\n\n<p>Une intervention anim\u00e9e par <strong>Pauline DEHANI<\/strong>, Experte aspects sociaux de la commande publique \u00e0 Alliance Villes Emploi, <strong>Marie LE BORGNE<\/strong>, Responsable Mission Insertion professionnelle par les clauses sociales, et <strong>Fatima ALIM,<\/strong> Charg\u00e9e de la Relation aux Donneurs d&rsquo;Ordre | Mission Clauses Sociales, toutes deux \u00e0 la M\u00e9tropole de Nantes.<\/p>\n\n\n\n<p>Vous souhaitez aller plus loin ? D\u00e9couvrez notre  formation :<\/p>\n\n\n\n<ul><li><a href=\"https:\/\/evenements.infopro-digital.com\/achatpublic-public\/formation-marches-publics-restauration-p-11859\/\">Le sourcing : une opportunit\u00e9 pour les entreprises<\/a><\/li><\/ul>\n\n<\/div><\/div>\n\n\n<figure class=\"wp-block-embed-youtube wp-block-embed is-type-video is-provider-youtube wp-embed-aspect-16-9 wp-has-aspect-ratio\"><div class=\"wp-block-embed__wrapper\">\n<iframe title=\"Clauses sociales : Mobiliser les bons outils pour r\u00e9aliser un sourcing inclusif\" width=\"500\" height=\"281\" src=\"https:\/\/www.youtube-nocookie.com\/embed\/L4jU-HSHAUs?feature=oembed\" frameborder=\"0\" allow=\"accelerometer; autoplay; clipboard-write; encrypted-media; gyroscope; picture-in-picture; web-share\" allowfullscreen><\/iframe>\n<\/div><\/figure>\n\n\n\n<p>T\u00e9l\u00e9charger le support<\/p>\n","protected":false},"excerpt":{"rendered":"<p>Revoir le webinaire \u00ab\u00a0Ren\u00e9gocier vos contrats en cours d\u2019ex\u00e9cution : un d\u00e9fi pour l&rsquo;entreprise\u00a0\u00bb<\/p>\n","protected":false},"author":9,"featured_media":510,"comment_status":"open","ping_status":"open","sticky":false,"template":"","format":"standard","meta":{"custom_priority":""},"categories":[1],"tags":[],"yoast_head":"<!-- This site is optimized with the Yoast SEO plugin v18.9 - https:\/\/yoast.com\/wordpress\/plugins\/seo\/ -->\n<title>Revoir le webinaire &quot;Clauses sociales : Mobiliser les bons outils pour r\u00e9aliser un sourcing inclusif&quot; (15\/09\/2023) - Formation Achatpublic<\/title>\n<meta name=\"robots\" content=\"index, follow, max-snippet:-1, max-image-preview:large, max-video-preview:-1\" \/>\n<link rel=\"canonical\" href=\"https:\/\/evenements.infopro-digital.com\/achatpublic\/actu-formations\/2023\/09\/22\/revoir-le-webinaire-clauses-sociales-mobiliser-les-bons-outils-pour-realiser-un-sourcing-inclusif-15-09-2023\/\" \/>\n<meta property=\"og:locale\" content=\"fr_FR\" \/>\n<meta property=\"og:type\" content=\"article\" \/>\n<meta property=\"og:title\" content=\"Revoir le webinaire &quot;Clauses sociales : Mobiliser les bons outils pour r\u00e9aliser un sourcing inclusif&quot; (15\/09\/2023) - Formation Achatpublic\" \/>\n<meta property=\"og:description\" content=\"Revoir le webinaire &quot;Ren\u00e9gocier vos contrats en cours d\u2019ex\u00e9cution : un d\u00e9fi pour l&#039;entreprise&quot;\" \/>\n<meta property=\"og:url\" content=\"https:\/\/evenements.infopro-digital.com\/achatpublic\/actu-formations\/2023\/09\/22\/revoir-le-webinaire-clauses-sociales-mobiliser-les-bons-outils-pour-realiser-un-sourcing-inclusif-15-09-2023\/\" \/>\n<meta property=\"og:site_name\" content=\"Formation Achatpublic\" \/>\n<meta property=\"article:published_time\" content=\"2023-09-22T09:38:29+00:00\" \/>\n<meta property=\"article:modified_time\" content=\"2023-09-25T13:42:48+00:00\" \/>\n<meta property=\"og:image\" content=\"https:\/\/evenements.infopro-digital.com\/achatpublic\/actu-formations\/\/app\/uploads\/sites\/4\/2022\/05\/buyer.png\" \/>\n\t<meta property=\"og:image:width\" content=\"500\" \/>\n\t<meta property=\"og:image:height\" content=\"500\" \/>\n\t<meta property=\"og:image:type\" content=\"image\/png\" \/>\n<meta name=\"twitter:card\" content=\"summary_large_image\" \/>\n<meta name=\"twitter:label1\" content=\"Written by\" \/>\n\t<meta name=\"twitter:data1\" content=\"bornachot\" \/>\n\t<meta name=\"twitter:label2\" content=\"Est. reading time\" \/>\n\t<meta name=\"twitter:data2\" content=\"1 minute\" \/>\n<script type=\"application\/ld+json\" class=\"yoast-schema-graph\">{\"@context\":\"https:\/\/schema.org\",\"@graph\":[{\"@type\":\"WebSite\",\"@id\":\"https:\/\/evenements.infopro-digital.com\/achatpublic\/actu-formations\/#website\",\"url\":\"https:\/\/evenements.infopro-digital.com\/achatpublic\/actu-formations\/\",\"name\":\"Formation Achatpublic\",\"description\":\"Un site utilisant Les sites de Formation argus\",\"potentialAction\":[{\"@type\":\"SearchAction\",\"target\":{\"@type\":\"EntryPoint\",\"urlTemplate\":\"https:\/\/evenements.infopro-digital.com\/achatpublic\/actu-formations\/?s={search_term_string}\"},\"query-input\":\"required name=search_term_string\"}],\"inLanguage\":\"fr-FR\"},{\"@type\":\"ImageObject\",\"inLanguage\":\"fr-FR\",\"@id\":\"https:\/\/evenements.infopro-digital.com\/achatpublic\/actu-formations\/2023\/09\/22\/revoir-le-webinaire-clauses-sociales-mobiliser-les-bons-outils-pour-realiser-un-sourcing-inclusif-15-09-2023\/#primaryimage\",\"url\":\"https:\/\/evenements.infopro-digital.com\/achatpublic\/actu-formations\/\/app\/uploads\/sites\/4\/2022\/05\/buyer.png\",\"contentUrl\":\"https:\/\/evenements.infopro-digital.com\/achatpublic\/actu-formations\/\/app\/uploads\/sites\/4\/2022\/05\/buyer.png\",\"width\":500,\"height\":500},{\"@type\":\"WebPage\",\"@id\":\"https:\/\/evenements.infopro-digital.com\/achatpublic\/actu-formations\/2023\/09\/22\/revoir-le-webinaire-clauses-sociales-mobiliser-les-bons-outils-pour-realiser-un-sourcing-inclusif-15-09-2023\/#webpage\",\"url\":\"https:\/\/evenements.infopro-digital.com\/achatpublic\/actu-formations\/2023\/09\/22\/revoir-le-webinaire-clauses-sociales-mobiliser-les-bons-outils-pour-realiser-un-sourcing-inclusif-15-09-2023\/\",\"name\":\"Revoir le webinaire \\\"Clauses sociales : Mobiliser les bons outils pour r\u00e9aliser un sourcing inclusif\\\" (15\/09\/2023) - Formation Achatpublic\",\"isPartOf\":{\"@id\":\"https:\/\/evenements.infopro-digital.com\/achatpublic\/actu-formations\/#website\"},\"primaryImageOfPage\":{\"@id\":\"https:\/\/evenements.infopro-digital.com\/achatpublic\/actu-formations\/2023\/09\/22\/revoir-le-webinaire-clauses-sociales-mobiliser-les-bons-outils-pour-realiser-un-sourcing-inclusif-15-09-2023\/#primaryimage\"},\"datePublished\":\"2023-09-22T09:38:29+00:00\",\"dateModified\":\"2023-09-25T13:42:48+00:00\",\"author\":{\"@id\":\"https:\/\/evenements.infopro-digital.com\/achatpublic\/actu-formations\/#\/schema\/person\/1491709e8bcb611ea38509b2f483f917\"},\"breadcrumb\":{\"@id\":\"https:\/\/evenements.infopro-digital.com\/achatpublic\/actu-formations\/2023\/09\/22\/revoir-le-webinaire-clauses-sociales-mobiliser-les-bons-outils-pour-realiser-un-sourcing-inclusif-15-09-2023\/#breadcrumb\"},\"inLanguage\":\"fr-FR\",\"potentialAction\":[{\"@type\":\"ReadAction\",\"target\":[\"https:\/\/evenements.infopro-digital.com\/achatpublic\/actu-formations\/2023\/09\/22\/revoir-le-webinaire-clauses-sociales-mobiliser-les-bons-outils-pour-realiser-un-sourcing-inclusif-15-09-2023\/\"]}]},{\"@type\":\"BreadcrumbList\",\"@id\":\"https:\/\/evenements.infopro-digital.com\/achatpublic\/actu-formations\/2023\/09\/22\/revoir-le-webinaire-clauses-sociales-mobiliser-les-bons-outils-pour-realiser-un-sourcing-inclusif-15-09-2023\/#breadcrumb\",\"itemListElement\":[{\"@type\":\"ListItem\",\"position\":1,\"name\":\"Accueil\",\"item\":\"https:\/\/evenements.infopro-digital.com\/achatpublic\/actu-formations\/\"},{\"@type\":\"ListItem\",\"position\":2,\"name\":\"Revoir le webinaire \u00ab\u00a0Clauses sociales : Mobiliser les bons outils pour r\u00e9aliser un sourcing inclusif\u00a0\u00bb (15\/09\/2023)\"}]},{\"@type\":\"Person\",\"@id\":\"https:\/\/evenements.infopro-digital.com\/achatpublic\/actu-formations\/#\/schema\/person\/1491709e8bcb611ea38509b2f483f917\",\"name\":\"bornachot\",\"url\":\"https:\/\/evenements.infopro-digital.com\/achatpublic\/actu-formations\/author\/bornachot\/\"}]}<\/script>\n<!-- \/ Yoast SEO plugin. -->","yoast_head_json":{"title":"Revoir le webinaire \"Clauses sociales : Mobiliser les bons outils pour r\u00e9aliser un sourcing inclusif\" (15\/09\/2023) - Formation Achatpublic","robots":{"index":"index","follow":"follow","max-snippet":"max-snippet:-1","max-image-preview":"max-image-preview:large","max-video-preview":"max-video-preview:-1"},"canonical":"https:\/\/evenements.infopro-digital.com\/achatpublic\/actu-formations\/2023\/09\/22\/revoir-le-webinaire-clauses-sociales-mobiliser-les-bons-outils-pour-realiser-un-sourcing-inclusif-15-09-2023\/","og_locale":"fr_FR","og_type":"article","og_title":"Revoir le webinaire \"Clauses sociales : Mobiliser les bons outils pour r\u00e9aliser un sourcing inclusif\" (15\/09\/2023) - Formation Achatpublic","og_description":"Revoir le webinaire \"Ren\u00e9gocier vos contrats en cours d\u2019ex\u00e9cution : un d\u00e9fi pour l'entreprise\"","og_url":"https:\/\/evenements.infopro-digital.com\/achatpublic\/actu-formations\/2023\/09\/22\/revoir-le-webinaire-clauses-sociales-mobiliser-les-bons-outils-pour-realiser-un-sourcing-inclusif-15-09-2023\/","og_site_name":"Formation Achatpublic","article_published_time":"2023-09-22T09:38:29+00:00","article_modified_time":"2023-09-25T13:42:48+00:00","og_image":[{"width":500,"height":500,"url":"https:\/\/evenements.infopro-digital.com\/achatpublic\/actu-formations\/\/app\/uploads\/sites\/4\/2022\/05\/buyer.png","type":"image\/png"}],"twitter_card":"summary_large_image","twitter_misc":{"Written by":"bornachot","Est. reading time":"1 minute"},"schema":{"@context":"https:\/\/schema.org","@graph":[{"@type":"WebSite","@id":"https:\/\/evenements.infopro-digital.com\/achatpublic\/actu-formations\/#website","url":"https:\/\/evenements.infopro-digital.com\/achatpublic\/actu-formations\/","name":"Formation Achatpublic","description":"Un site utilisant Les sites de Formation argus","potentialAction":[{"@type":"SearchAction","target":{"@type":"EntryPoint","urlTemplate":"https:\/\/evenements.infopro-digital.com\/achatpublic\/actu-formations\/?s={search_term_string}"},"query-input":"required name=search_term_string"}],"inLanguage":"fr-FR"},{"@type":"ImageObject","inLanguage":"fr-FR","@id":"https:\/\/evenements.infopro-digital.com\/achatpublic\/actu-formations\/2023\/09\/22\/revoir-le-webinaire-clauses-sociales-mobiliser-les-bons-outils-pour-realiser-un-sourcing-inclusif-15-09-2023\/#primaryimage","url":"https:\/\/evenements.infopro-digital.com\/achatpublic\/actu-formations\/\/app\/uploads\/sites\/4\/2022\/05\/buyer.png","contentUrl":"https:\/\/evenements.infopro-digital.com\/achatpublic\/actu-formations\/\/app\/uploads\/sites\/4\/2022\/05\/buyer.png","width":500,"height":500},{"@type":"WebPage","@id":"https:\/\/evenements.infopro-digital.com\/achatpublic\/actu-formations\/2023\/09\/22\/revoir-le-webinaire-clauses-sociales-mobiliser-les-bons-outils-pour-realiser-un-sourcing-inclusif-15-09-2023\/#webpage","url":"https:\/\/evenements.infopro-digital.com\/achatpublic\/actu-formations\/2023\/09\/22\/revoir-le-webinaire-clauses-sociales-mobiliser-les-bons-outils-pour-realiser-un-sourcing-inclusif-15-09-2023\/","name":"Revoir le webinaire \"Clauses sociales : Mobiliser les bons outils pour r\u00e9aliser un sourcing inclusif\" (15\/09\/2023) - Formation Achatpublic","isPartOf":{"@id":"https:\/\/evenements.infopro-digital.com\/achatpublic\/actu-formations\/#website"},"primaryImageOfPage":{"@id":"https:\/\/evenements.infopro-digital.com\/achatpublic\/actu-formations\/2023\/09\/22\/revoir-le-webinaire-clauses-sociales-mobiliser-les-bons-outils-pour-realiser-un-sourcing-inclusif-15-09-2023\/#primaryimage"},"datePublished":"2023-09-22T09:38:29+00:00","dateModified":"2023-09-25T13:42:48+00:00","author":{"@id":"https:\/\/evenements.infopro-digital.com\/achatpublic\/actu-formations\/#\/schema\/person\/1491709e8bcb611ea38509b2f483f917"},"breadcrumb":{"@id":"https:\/\/evenements.infopro-digital.com\/achatpublic\/actu-formations\/2023\/09\/22\/revoir-le-webinaire-clauses-sociales-mobiliser-les-bons-outils-pour-realiser-un-sourcing-inclusif-15-09-2023\/#breadcrumb"},"inLanguage":"fr-FR","potentialAction":[{"@type":"ReadAction","target":["https:\/\/evenements.infopro-digital.com\/achatpublic\/actu-formations\/2023\/09\/22\/revoir-le-webinaire-clauses-sociales-mobiliser-les-bons-outils-pour-realiser-un-sourcing-inclusif-15-09-2023\/"]}]},{"@type":"BreadcrumbList","@id":"https:\/\/evenements.infopro-digital.com\/achatpublic\/actu-formations\/2023\/09\/22\/revoir-le-webinaire-clauses-sociales-mobiliser-les-bons-outils-pour-realiser-un-sourcing-inclusif-15-09-2023\/#breadcrumb","itemListElement":[{"@type":"ListItem","position":1,"name":"Accueil","item":"https:\/\/evenements.infopro-digital.com\/achatpublic\/actu-formations\/"},{"@type":"ListItem","position":2,"name":"Revoir le webinaire \u00ab\u00a0Clauses sociales : Mobiliser les bons outils pour r\u00e9aliser un sourcing inclusif\u00a0\u00bb (15\/09\/2023)"}]},{"@type":"Person","@id":"https:\/\/evenements.infopro-digital.com\/achatpublic\/actu-formations\/#\/schema\/person\/1491709e8bcb611ea38509b2f483f917","name":"bornachot","url":"https:\/\/evenements.infopro-digital.com\/achatpublic\/actu-formations\/author\/bornachot\/"}]}},"_links":{"self":[{"href":"https:\/\/evenements.infopro-digital.com\/achatpublic\/actu-formations\/wp-json\/wp\/v2\/posts\/1208"}],"collection":[{"href":"https:\/\/evenements.infopro-digital.com\/achatpublic\/actu-formations\/wp-json\/wp\/v2\/posts"}],"about":[{"href":"https:\/\/evenements.infopro-digital.com\/achatpublic\/actu-formations\/wp-json\/wp\/v2\/types\/post"}],"author":[{"embeddable":true,"href":"https:\/\/evenements.infopro-digital.com\/achatpublic\/actu-formations\/wp-json\/wp\/v2\/users\/9"}],"replies":[{"embeddable":true,"href":"https:\/\/evenements.infopro-digital.com\/achatpublic\/actu-formations\/wp-json\/wp\/v2\/comments?post=1208"}],"version-history":[{"count":4,"href":"https:\/\/evenements.infopro-digital.com\/achatpublic\/actu-formations\/wp-json\/wp\/v2\/posts\/1208\/revisions"}],"predecessor-version":[{"id":1223,"href":"https:\/\/evenements.infopro-digital.com\/achatpublic\/actu-formations\/wp-json\/wp\/v2\/posts\/1208\/revisions\/1223"}],"wp:featuredmedia":[{"embeddable":true,"href":"https:\/\/evenements.infopro-digital.com\/achatpublic\/actu-formations\/wp-json\/wp\/v2\/media\/510"}],"wp:attachment":[{"href":"https:\/\/evenements.infopro-digital.com\/achatpublic\/actu-formations\/wp-json\/wp\/v2\/media?parent=1208"}],"wp:term":[{"taxonomy":"category","embeddable":true,"href":"https:\/\/evenements.infopro-digital.com\/achatpublic\/actu-formations\/wp-json\/wp\/v2\/categories?post=1208"},{"taxonomy":"post_tag","embeddable":true,"href":"https:\/\/evenements.infopro-digital.com\/achatpublic\/actu-formations\/wp-json\/wp\/v2\/tags?post=1208"}],"curies":[{"name":"wp","href":"https:\/\/api.w.org\/{rel}","templated":true}]}}